{"id":3821,"date":"2019-04-02T08:30:22","date_gmt":"2019-04-02T08:30:22","guid":{"rendered":"http:\/\/gradocau.umh.es\/?p=3821"},"modified":"2019-04-02T08:33:30","modified_gmt":"2019-04-02T08:33:30","slug":"convocatoria-ficie-estudiante-umh-2019","status":"publish","type":"post","link":"https:\/\/gradocau.umh.es\/ca\/2019\/04\/02\/convocatoria-ficie-estudiante-umh-2019\/","title":{"rendered":"Convocatoria FICIE Estudiante UMH 2019"},"content":{"rendered":"<p><a href=\"http:\/\/gradocau.umh.es\/files\/2019\/04\/Cartel-FICIE-Estudiante-umh-2019.jpg\"><img loading=\"lazy\" class=\"  wp-image-3824 alignright\" src=\"http:\/\/gradocau.umh.es\/files\/2019\/04\/Cartel-FICIE-Estudiante-umh-2019-1024x724.jpg\" alt=\"Cartel FICIE Estudiante umh 2019\" width=\"382\" height=\"270\" srcset=\"https:\/\/gradocau.umh.es\/files\/2019\/04\/Cartel-FICIE-Estudiante-umh-2019-1024x724.jpg 1024w, https:\/\/gradocau.umh.es\/files\/2019\/04\/Cartel-FICIE-Estudiante-umh-2019-300x212.jpg 300w\" sizes=\"(max-width: 382px) 100vw, 382px\" \/><br \/>\n<\/a><\/p>\n<p>&nbsp;<\/p>\n<p>Actividad organizada por la titulaci\u00f3n den Grado en Comunicaci\u00f3n Audiovisual y la Fundaci\u00f3n CajaMediterr\u00e1neo y FICIE. Acci\u00f3n promovida gracias al programa de acci\u00f3n de\u00a0proyecci\u00f3n del Grado en Comunicaci\u00f3n Audiovisual.<\/p>\n<p>&nbsp;<\/p>\n","protected":false},"excerpt":{"rendered":"<p>&nbsp; Actividad organizada por la titulaci\u00f3n den Grado en Comunicaci\u00f3n Audiovisual y la Fundaci\u00f3n CajaMediterr\u00e1neo y FICIE. Acci\u00f3n promovida gracias al programa de acci\u00f3n de\u00a0proyecci\u00f3n del Grado en Comunicaci\u00f3n Audiovisual. &nbsp;<\/p>\n","protected":false},"author":1406,"featured_media":0,"comment_status":"closed","ping_status":"open","sticky":false,"template":"","format":"standard","meta":{"_links_to":"","_links_to_target":""},"categories":[112,2,24,81,22,89],"tags":[],"_links":{"self":[{"href":"https:\/\/gradocau.umh.es\/ca\/wp-json\/wp\/v2\/posts\/3821"}],"collection":[{"href":"https:\/\/gradocau.umh.es\/ca\/wp-json\/wp\/v2\/posts"}],"about":[{"href":"https:\/\/gradocau.umh.es\/ca\/wp-json\/wp\/v2\/types\/post"}],"author":[{"embeddable":true,"href":"https:\/\/gradocau.umh.es\/ca\/wp-json\/wp\/v2\/users\/1406"}],"replies":[{"embeddable":true,"href":"https:\/\/gradocau.umh.es\/ca\/wp-json\/wp\/v2\/comments?post=3821"}],"version-history":[{"count":0,"href":"https:\/\/gradocau.umh.es\/ca\/wp-json\/wp\/v2\/posts\/3821\/revisions"}],"wp:attachment":[{"href":"https:\/\/gradocau.umh.es\/ca\/wp-json\/wp\/v2\/media?parent=3821"}],"wp:term":[{"taxonomy":"category","embeddable":true,"href":"https:\/\/gradocau.umh.es\/ca\/wp-json\/wp\/v2\/categories?post=3821"},{"taxonomy":"post_tag","embeddable":true,"href":"https:\/\/gradocau.umh.es\/ca\/wp-json\/wp\/v2\/tags?post=3821"}],"curies":[{"name":"wp","href":"https:\/\/api.w.org\/{rel}","templated":true}]}}