{"id":3793,"date":"2019-03-12T18:14:32","date_gmt":"2019-03-12T18:14:32","guid":{"rendered":"http:\/\/gradocau.umh.es\/?p=3793"},"modified":"2019-03-12T18:14:32","modified_gmt":"2019-03-12T18:14:32","slug":"estudiantes-del-grado-en-comunicacion-audiovisual-exponen-sus-videoclips-en-videovibra-alacant-del-festival-alacant-desperta-2019","status":"publish","type":"post","link":"https:\/\/gradocau.umh.es\/ca\/2019\/03\/12\/estudiantes-del-grado-en-comunicacion-audiovisual-exponen-sus-videoclips-en-videovibra-alacant-del-festival-alacant-desperta-2019\/","title":{"rendered":"Estudiantes del Grado en Comunicaci\u00f3n Audiovisual exponen sus videoclips en Videovibra Alacant, del Festival Alacant Desperta 2019"},"content":{"rendered":"<p><a href=\"http:\/\/gradocau.umh.es\/files\/2019\/03\/banner-umh-alacant-desperta-2019.png\"><img loading=\"lazy\" class=\"  wp-image-3794 alignright\" src=\"http:\/\/gradocau.umh.es\/files\/2019\/03\/banner-umh-alacant-desperta-2019-1024x737.png\" alt=\"banner umh alacant desperta 2019\" width=\"350\" height=\"252\" srcset=\"https:\/\/gradocau.umh.es\/files\/2019\/03\/banner-umh-alacant-desperta-2019-1024x737.png 1024w, https:\/\/gradocau.umh.es\/files\/2019\/03\/banner-umh-alacant-desperta-2019-300x216.png 300w, https:\/\/gradocau.umh.es\/files\/2019\/03\/banner-umh-alacant-desperta-2019.png 1498w\" sizes=\"(max-width: 350px) 100vw, 350px\" \/><\/a><strong>Estudiantes del Grado de Comunicaci\u00f3n Audiovisual exponen sus videoclips en la muestra Videovibra Alacant, incluida en el marco del Festival Alacant Desperta 2019<\/strong><\/p>\n<p>La exhibici\u00f3n, que se realizar\u00e1 este pr\u00f3ximo s\u00e1bado 16 de marzo a las 18:00 h en la sala Caja Negra del Centro Cultural Las Cigarreras de Alicante, contar\u00e1 con la participaci\u00f3n de los estudiantes: Paula Amador, Marina Box, Paula Carvajal, Enrique Esp\u00edn, Alba Navarrete, Cynthia F\u00e9rez, Rafael C\u00e1novas, Yaiza Maeso, Alejandra Mart\u00ednez, Cristina Padilla, Aida Dominguez, Javier Jerez, Isabel Mart\u00ednez, David Soriano, \u00c1lvaro Quinto, Luisfe Camacho, Nerea \u00dabeda, Javier Valera, Marta Lluch, Alba Garrido, y Adri\u00e1n Domenes.<\/p>\n<p>En su \u00faltimo curso, estos alumnos y alumnas han afrontado el reto de poner im\u00e1genes a la m\u00fasica de un buen pu\u00f1ado de artistas de la provincia de Alicante como Carmen Carmes\u00ed, Kripak &amp; Thorne o Iv\u00e1n Serrano, entre otros. Los resultados, como se podr\u00e1 ver en este estreno m\u00faltiple y en exclusiva en Las Cigarreras, poco tienen que envidiar a los de cualquier producci\u00f3n nacional de primer nivel y contribuir\u00e1n sin duda a la difusi\u00f3n del trabajo de estos m\u00fasicos emergentes.<\/p>\n<p>La muestra Videovibra Alacant ha sido comisariada por los profesores del Departamento de Arte, Mario-Paul Mart\u00ednez y Dami\u00e0 Jord\u00e0.<\/p>\n","protected":false},"excerpt":{"rendered":"<p>Estudiantes del Grado de Comunicaci\u00f3n Audiovisual exponen sus videoclips en la muestra Videovibra Alacant, incluida en el marco del Festival Alacant Desperta 2019 La exhibici\u00f3n, que se realizar\u00e1 este pr\u00f3ximo s\u00e1bado 16 de marzo a las 18:00 h en la sala Caja Negra del Centro Cultural Las Cigarreras de Alicante, contar\u00e1 con la participaci\u00f3n de [&hellip;]<\/p>\n","protected":false},"author":1406,"featured_media":0,"comment_status":"closed","ping_status":"open","sticky":false,"template":"","format":"standard","meta":{"_links_to":"","_links_to_target":""},"categories":[112,2,77,89],"tags":[],"_links":{"self":[{"href":"https:\/\/gradocau.umh.es\/ca\/wp-json\/wp\/v2\/posts\/3793"}],"collection":[{"href":"https:\/\/gradocau.umh.es\/ca\/wp-json\/wp\/v2\/posts"}],"about":[{"href":"https:\/\/gradocau.umh.es\/ca\/wp-json\/wp\/v2\/types\/post"}],"author":[{"embeddable":true,"href":"https:\/\/gradocau.umh.es\/ca\/wp-json\/wp\/v2\/users\/1406"}],"replies":[{"embeddable":true,"href":"https:\/\/gradocau.umh.es\/ca\/wp-json\/wp\/v2\/comments?post=3793"}],"version-history":[{"count":0,"href":"https:\/\/gradocau.umh.es\/ca\/wp-json\/wp\/v2\/posts\/3793\/revisions"}],"wp:attachment":[{"href":"https:\/\/gradocau.umh.es\/ca\/wp-json\/wp\/v2\/media?parent=3793"}],"wp:term":[{"taxonomy":"category","embeddable":true,"href":"https:\/\/gradocau.umh.es\/ca\/wp-json\/wp\/v2\/categories?post=3793"},{"taxonomy":"post_tag","embeddable":true,"href":"https:\/\/gradocau.umh.es\/ca\/wp-json\/wp\/v2\/tags?post=3793"}],"curies":[{"name":"wp","href":"https:\/\/api.w.org\/{rel}","templated":true}]}}