{"id":3778,"date":"2019-03-06T09:44:51","date_gmt":"2019-03-06T09:44:51","guid":{"rendered":"http:\/\/gradocau.umh.es\/?p=3778"},"modified":"2019-03-06T09:56:06","modified_gmt":"2019-03-06T09:56:06","slug":"se-reinician-las-sesiones-de-seminario-5-y-accion-de-los-estudiantes-de-primero-de-cau-y-caup","status":"publish","type":"post","link":"https:\/\/gradocau.umh.es\/ca\/2019\/03\/06\/se-reinician-las-sesiones-de-seminario-5-y-accion-de-los-estudiantes-de-primero-de-cau-y-caup\/","title":{"rendered":"Se reinician las sesiones de Seminario 5 y acci\u00f3n de los estudiantes de primero de CAU y CAUP"},"content":{"rendered":"<p>El pr\u00f3ximo viernes 15 de marzo, se retoman las sesiones del seminario 5 y Acci\u00f3n, en el horario y aulas habituales. Ese d\u00eda\u00a0tendr\u00e1 lugar la sesi\u00f3n de sonido, a cargo del profesor Sergio Javaloy. Los alumnos aprender\u00e1n a utilizar el material de sonido y las t\u00e9cnicas de manejo para ponerlo en pr\u00e1ctica a lo largo del desarrollo de los cortometrajes.<\/p>\n<p>El seminario es gratuito, voluntario y exclusivo para estudiantes del primer curso del Grado en Comunicaci\u00f3n Audiovisual y del Doble Grado en Comunicaci\u00f3n Audiovisual y Periodismo de la UMH. Consta de 16 sesiones presenciales y trabajo aut\u00f3nomo por grupos, suponiendo un total de 75 horas equivalentes a 3 cr\u00e9ditos. El estudiantado obtendr\u00e1 un certificado de asistencia y aprovechamiento si cumple una asistencia obligatoria al 90% de las sesiones presenciales y entrega todos los trabajos en fecha y forma. El estudiantado podr\u00e1 convalidar los cr\u00e9ditos obtenidos por cr\u00e9ditos de competencias transversales y profesionales en el grado en el que est\u00e1 matriculado.<\/p>\n<p>La actividad est\u00e1 organizada por los Grados en Comunicaci\u00f3n Audiovisual y Doble Grado en Comunicaci\u00f3n Audiovisual y Periodismo de la UMH y cuenta con la colaboraci\u00f3n del Vicerrectorado de Investigaci\u00f3n a trav\u00e9s de los Proyectos PIEU.<\/p>\n<p>Programa completo: <a href=\"http:\/\/gradocau.umh.es\/files\/2019\/03\/PROGRAMA-SEMINARIO-5-y-Acci\u00f3n-2018-2019.pdf\">PROGRAMA SEMINARIO 5 y Acci\u00f3n 2018-2019<\/a><\/p>\n","protected":false},"excerpt":{"rendered":"<p>El pr\u00f3ximo viernes 15 de marzo, se retoman las sesiones del seminario 5 y Acci\u00f3n, en el horario y aulas habituales. Ese d\u00eda\u00a0tendr\u00e1 lugar la sesi\u00f3n de sonido, a cargo del profesor Sergio Javaloy. Los alumnos aprender\u00e1n a utilizar el material de sonido y las t\u00e9cnicas de manejo para ponerlo en pr\u00e1ctica a lo largo [&hellip;]<\/p>\n","protected":false},"author":1406,"featured_media":0,"comment_status":"closed","ping_status":"open","sticky":false,"template":"","format":"standard","meta":{"_links_to":"","_links_to_target":""},"categories":[112,2,102],"tags":[],"_links":{"self":[{"href":"https:\/\/gradocau.umh.es\/ca\/wp-json\/wp\/v2\/posts\/3778"}],"collection":[{"href":"https:\/\/gradocau.umh.es\/ca\/wp-json\/wp\/v2\/posts"}],"about":[{"href":"https:\/\/gradocau.umh.es\/ca\/wp-json\/wp\/v2\/types\/post"}],"author":[{"embeddable":true,"href":"https:\/\/gradocau.umh.es\/ca\/wp-json\/wp\/v2\/users\/1406"}],"replies":[{"embeddable":true,"href":"https:\/\/gradocau.umh.es\/ca\/wp-json\/wp\/v2\/comments?post=3778"}],"version-history":[{"count":0,"href":"https:\/\/gradocau.umh.es\/ca\/wp-json\/wp\/v2\/posts\/3778\/revisions"}],"wp:attachment":[{"href":"https:\/\/gradocau.umh.es\/ca\/wp-json\/wp\/v2\/media?parent=3778"}],"wp:term":[{"taxonomy":"category","embeddable":true,"href":"https:\/\/gradocau.umh.es\/ca\/wp-json\/wp\/v2\/categories?post=3778"},{"taxonomy":"post_tag","embeddable":true,"href":"https:\/\/gradocau.umh.es\/ca\/wp-json\/wp\/v2\/tags?post=3778"}],"curies":[{"name":"wp","href":"https:\/\/api.w.org\/{rel}","templated":true}]}}