{"id":3703,"date":"2019-01-22T11:20:38","date_gmt":"2019-01-22T11:20:38","guid":{"rendered":"http:\/\/gradocau.umh.es\/?p=3703"},"modified":"2019-01-22T11:20:38","modified_gmt":"2019-01-22T11:20:38","slug":"xxxvi-concurso-de-cuentos-2019-de-gabriel-aresti","status":"publish","type":"post","link":"https:\/\/gradocau.umh.es\/ca\/2019\/01\/22\/xxxvi-concurso-de-cuentos-2019-de-gabriel-aresti\/","title":{"rendered":"XXXVI Concurso de cuentos 2019 de Gabriel Aresti"},"content":{"rendered":"<p>XXXVI Concurso de cuentos 2019 de Gabriel Aresti . M\u00e1s informaci\u00f3n <a href=\"https:\/\/www.escritores.org\/recursos-para-escritores\/25785-xxxvi-concurso-de-cuentos-gabriel-aresti-espana\" target=\"_blank\">aqu\u00ed<\/a>.<\/p>\n","protected":false},"excerpt":{"rendered":"<p>XXXVI Concurso de cuentos 2019 de Gabriel Aresti . M\u00e1s informaci\u00f3n aqu\u00ed.<\/p>\n","protected":false},"author":1406,"featured_media":0,"comment_status":"closed","ping_status":"open","sticky":false,"template":"","format":"standard","meta":{"_links_to":"","_links_to_target":""},"categories":[2,24],"tags":[],"_links":{"self":[{"href":"https:\/\/gradocau.umh.es\/ca\/wp-json\/wp\/v2\/posts\/3703"}],"collection":[{"href":"https:\/\/gradocau.umh.es\/ca\/wp-json\/wp\/v2\/posts"}],"about":[{"href":"https:\/\/gradocau.umh.es\/ca\/wp-json\/wp\/v2\/types\/post"}],"author":[{"embeddable":true,"href":"https:\/\/gradocau.umh.es\/ca\/wp-json\/wp\/v2\/users\/1406"}],"replies":[{"embeddable":true,"href":"https:\/\/gradocau.umh.es\/ca\/wp-json\/wp\/v2\/comments?post=3703"}],"version-history":[{"count":0,"href":"https:\/\/gradocau.umh.es\/ca\/wp-json\/wp\/v2\/posts\/3703\/revisions"}],"wp:attachment":[{"href":"https:\/\/gradocau.umh.es\/ca\/wp-json\/wp\/v2\/media?parent=3703"}],"wp:term":[{"taxonomy":"category","embeddable":true,"href":"https:\/\/gradocau.umh.es\/ca\/wp-json\/wp\/v2\/categories?post=3703"},{"taxonomy":"post_tag","embeddable":true,"href":"https:\/\/gradocau.umh.es\/ca\/wp-json\/wp\/v2\/tags?post=3703"}],"curies":[{"name":"wp","href":"https:\/\/api.w.org\/{rel}","templated":true}]}}