{"id":3604,"date":"2018-11-05T15:27:39","date_gmt":"2018-11-05T15:27:39","guid":{"rendered":"http:\/\/gradocau.umh.es\/?p=3604"},"modified":"2018-11-05T15:27:39","modified_gmt":"2018-11-05T15:27:39","slug":"seminario-sobre-la-perspectiva-de-genero-impartido-por-la-periodista-magda-bandera","status":"publish","type":"post","link":"https:\/\/gradocau.umh.es\/ca\/2018\/11\/05\/seminario-sobre-la-perspectiva-de-genero-impartido-por-la-periodista-magda-bandera\/","title":{"rendered":"Seminario sobre la perspectiva de g\u00e9nero impartido por la periodista Magda Bandera"},"content":{"rendered":"<p>Seminario sobre informaci\u00f3n con perspectiva de g\u00e9nero impartido por la periodista\u00a0Magda Bandera, directora La Marea. La actividad, impulsada por la Unidad de Igualdad, y organizada por Puri Heras y Jos\u00e9 Luis Gonz\u00e1lez, tiene como objetivo presentar el proyecto #PorTodas, que ser\u00e1 la secci\u00f3n principal del futuro suplemento de lamarea.com dedicado a informar sobre violencias machistas. En el encuentro, la periodista charlar\u00e1 con profesionales, profesores y estudiantes interesados en la iniciativa: impulsar un periodismo m\u00e1s responsable con la violencia machista.<\/p>\n<ul>\n<li>21 de noviembre a las 12:30. Lugar: Edificio Arenals<\/li>\n<\/ul>\n<p>Puedes inscribirte gratuitamente a trav\u00e9s del siguiente formulario: <a href=\"redir.aspx?C=PvABX5mlYkiEkpaILcy4aPxJaQmySNYIXvf1SAUdx_uamULGi2Tgell-q9D4gZqn_W_OyGYfKQo.&amp;URL=https%3a%2f%2fgoo.gl%2fforms%2fkNq2cpncS1slbuCi2\">https:\/\/goo.gl\/forms\/kNq2cpncS1slbuCi2<\/a><\/p>\n","protected":false},"excerpt":{"rendered":"<p>Seminario sobre informaci\u00f3n con perspectiva de g\u00e9nero impartido por la periodista\u00a0Magda Bandera, directora La Marea. La actividad, impulsada por la Unidad de Igualdad, y organizada por Puri Heras y Jos\u00e9 Luis Gonz\u00e1lez, tiene como objetivo presentar el proyecto #PorTodas, que ser\u00e1 la secci\u00f3n principal del futuro suplemento de lamarea.com dedicado a informar sobre violencias machistas. [&hellip;]<\/p>\n","protected":false},"author":1406,"featured_media":0,"comment_status":"closed","ping_status":"open","sticky":false,"template":"","format":"standard","meta":{"_links_to":"","_links_to_target":""},"categories":[2,102],"tags":[],"_links":{"self":[{"href":"https:\/\/gradocau.umh.es\/ca\/wp-json\/wp\/v2\/posts\/3604"}],"collection":[{"href":"https:\/\/gradocau.umh.es\/ca\/wp-json\/wp\/v2\/posts"}],"about":[{"href":"https:\/\/gradocau.umh.es\/ca\/wp-json\/wp\/v2\/types\/post"}],"author":[{"embeddable":true,"href":"https:\/\/gradocau.umh.es\/ca\/wp-json\/wp\/v2\/users\/1406"}],"replies":[{"embeddable":true,"href":"https:\/\/gradocau.umh.es\/ca\/wp-json\/wp\/v2\/comments?post=3604"}],"version-history":[{"count":0,"href":"https:\/\/gradocau.umh.es\/ca\/wp-json\/wp\/v2\/posts\/3604\/revisions"}],"wp:attachment":[{"href":"https:\/\/gradocau.umh.es\/ca\/wp-json\/wp\/v2\/media?parent=3604"}],"wp:term":[{"taxonomy":"category","embeddable":true,"href":"https:\/\/gradocau.umh.es\/ca\/wp-json\/wp\/v2\/categories?post=3604"},{"taxonomy":"post_tag","embeddable":true,"href":"https:\/\/gradocau.umh.es\/ca\/wp-json\/wp\/v2\/tags?post=3604"}],"curies":[{"name":"wp","href":"https:\/\/api.w.org\/{rel}","templated":true}]}}