{"id":3577,"date":"2018-10-23T10:29:14","date_gmt":"2018-10-23T10:29:14","guid":{"rendered":"http:\/\/gradocau.umh.es\/?p=3577"},"modified":"2018-10-23T10:29:14","modified_gmt":"2018-10-23T10:29:14","slug":"hell-west-de-la-escuela-de-cine-umh-premiado-en-el-almeria-western-film-festival","status":"publish","type":"post","link":"https:\/\/gradocau.umh.es\/ca\/2018\/10\/23\/hell-west-de-la-escuela-de-cine-umh-premiado-en-el-almeria-western-film-festival\/","title":{"rendered":"&#8216;HELL WEST&#8217; DE LA ESCUELA DE CINE UMH PREMIADO EN EL ALMERIA WESTERN FILM FESTIVAL"},"content":{"rendered":"<p>&nbsp;<\/p>\n<p><a href=\"http:\/\/gradocau.umh.es\/files\/2018\/10\/untitled.png\"><img loading=\"lazy\" class=\"  wp-image-3578 alignright\" src=\"http:\/\/gradocau.umh.es\/files\/2018\/10\/untitled-1024x498.png\" alt=\"untitled\" width=\"356\" height=\"173\" srcset=\"https:\/\/gradocau.umh.es\/files\/2018\/10\/untitled-1024x498.png 1024w, https:\/\/gradocau.umh.es\/files\/2018\/10\/untitled-300x146.png 300w, https:\/\/gradocau.umh.es\/files\/2018\/10\/untitled.png 1316w\" sizes=\"(max-width: 356px) 100vw, 356px\" \/><\/a>El cortometraje rodado durante la III edici\u00f3n de la Escuela de Cine UMH, el <em>weird western <\/em>\u201cHell West\u201d, escrito y dirigido por el cineasta ilicitano Fran Mateu, gana el premio de Mejor Cortometraje de Escuelas de Cine en el Almer\u00eda Western Film Festival, el primer festival especializado en tem\u00e1tica western a nivel europeo. Un reconocimiento al trabajo del equipo humano que ha realizado la grabaci\u00f3n y postproducci\u00f3n del corto, en su mayor\u00eda estudiantes de los Grados en Comunicaci\u00f3n Audiovisual y Bellas Artes de la Universidad Miguel Hern\u00e1ndez de Elche.<\/p>\n<p>Hell West, rodado durante el mes de julio de 2017 por un equipo de m\u00e1s de 40 personas, cuenta la historia del sheriff Marty Mc Gregor, quien ha sido v\u00edctima de una maldici\u00f3n india. Connie Malone, su mujer, tratar\u00e1 de ocultarlo hasta que termine esa condena. Algo que no llegar\u00e1 \u201chasta que el d\u00eda abrace a la noche y caiga el \u00faltimo cuervo del poblado maldito de Hell West\u201d.<\/p>\n<p>Adem\u00e1s de este premio, Hell West est\u00e1 obteniendo una magn\u00edfica acogida por distintos festivales nacionales e internacionales. Ya ha sido seleccionado para proyectarse en el Festival Internacional de Cine Fant\u00e1stico de Sitges (sala Brigadoon, secci\u00f3n Image Death), Hemoglozine Festival Internacional de Cine Fant\u00e1stico de Ciudad Real, Bai de Fest Festival de Cortos Fant\u00e1sticos o de Terror de Rosas (Gerona) o recientemente en el Festival Boca do Inferno de Brasil.<\/p>\n<p>La Escuela de Cine UMH es un programa formativo, desarrollado por el grupo de investigaci\u00f3n Massiva del \u00c1rea de Est\u00e9tica y Teor\u00eda de las Artes del Departamento de Arte, creado para complementar la formaci\u00f3n pr\u00e1ctica de los estudiantes de los Grados en Comunicaci\u00f3n Audiovisual y Bellas Artes en el campo de la Cinematograf\u00eda mediante la realizaci\u00f3n de rodajes profesionales. Este proyecto formativo est\u00e1 dirigido por el profesor Guillermo L\u00f3pez Aliaga y coordinado por el profesor doctor Mario Paul Mart\u00ednez.<\/p>\n<p>Este programa formativo cuenta con la colaboraci\u00f3n del Vicerrectorado de Cultura y Extensi\u00f3n Universitaria, las Facultades de Bellas Artes y Ciencias Sociales y Humanas, el Departamento de Arte, los Grados en Comunicaci\u00f3n Audiovisual y Bellas Artes, el Servicio de Comunicaci\u00f3n, el Servicio de Innovaci\u00f3n y Apoyo T\u00e9cnico a la Docencia y a la Investigaci\u00f3n y el Consejo Social de la Universidad Miguel Hern\u00e1ndez de Elche.<\/p>\n","protected":false},"excerpt":{"rendered":"<p>&nbsp; El cortometraje rodado durante la III edici\u00f3n de la Escuela de Cine UMH, el weird western \u201cHell West\u201d, escrito y dirigido por el cineasta ilicitano Fran Mateu, gana el premio de Mejor Cortometraje de Escuelas de Cine en el Almer\u00eda Western Film Festival, el primer festival especializado en tem\u00e1tica western a nivel europeo. Un [&hellip;]<\/p>\n","protected":false},"author":1406,"featured_media":0,"comment_status":"closed","ping_status":"open","sticky":false,"template":"","format":"standard","meta":{"_links_to":"","_links_to_target":""},"categories":[112,2,24,22,185],"tags":[],"_links":{"self":[{"href":"https:\/\/gradocau.umh.es\/ca\/wp-json\/wp\/v2\/posts\/3577"}],"collection":[{"href":"https:\/\/gradocau.umh.es\/ca\/wp-json\/wp\/v2\/posts"}],"about":[{"href":"https:\/\/gradocau.umh.es\/ca\/wp-json\/wp\/v2\/types\/post"}],"author":[{"embeddable":true,"href":"https:\/\/gradocau.umh.es\/ca\/wp-json\/wp\/v2\/users\/1406"}],"replies":[{"embeddable":true,"href":"https:\/\/gradocau.umh.es\/ca\/wp-json\/wp\/v2\/comments?post=3577"}],"version-history":[{"count":0,"href":"https:\/\/gradocau.umh.es\/ca\/wp-json\/wp\/v2\/posts\/3577\/revisions"}],"wp:attachment":[{"href":"https:\/\/gradocau.umh.es\/ca\/wp-json\/wp\/v2\/media?parent=3577"}],"wp:term":[{"taxonomy":"category","embeddable":true,"href":"https:\/\/gradocau.umh.es\/ca\/wp-json\/wp\/v2\/categories?post=3577"},{"taxonomy":"post_tag","embeddable":true,"href":"https:\/\/gradocau.umh.es\/ca\/wp-json\/wp\/v2\/tags?post=3577"}],"curies":[{"name":"wp","href":"https:\/\/api.w.org\/{rel}","templated":true}]}}