{"id":3464,"date":"2018-07-24T07:59:47","date_gmt":"2018-07-24T07:59:47","guid":{"rendered":"http:\/\/gradocau.umh.es\/?p=3464"},"modified":"2018-07-24T10:13:47","modified_gmt":"2018-07-24T10:13:47","slug":"el-cortometraje-del-isfp-en-la-fase-de-posproduccion-celebrara-la-premier-el-viernes-20","status":"publish","type":"post","link":"https:\/\/gradocau.umh.es\/ca\/2018\/07\/24\/el-cortometraje-del-isfp-en-la-fase-de-posproduccion-celebrara-la-premier-el-viernes-20\/","title":{"rendered":"El cortometraje del ISFP, actualmente en fase de posproducci\u00f3n, celebrar\u00e1 la premier el viernes 27"},"content":{"rendered":"<p><a href=\"http:\/\/gradocau.umh.es\/files\/2018\/07\/file4.jpeg\"><img loading=\"lazy\" class=\"  wp-image-3466 alignright\" src=\"http:\/\/gradocau.umh.es\/files\/2018\/07\/file4-1024x768.jpeg\" alt=\"file4\" width=\"288\" height=\"216\" srcset=\"https:\/\/gradocau.umh.es\/files\/2018\/07\/file4-1024x768.jpeg 1024w, https:\/\/gradocau.umh.es\/files\/2018\/07\/file4-300x225.jpeg 300w\" sizes=\"(max-width: 288px) 100vw, 288px\" \/><\/a>Durante esa \u00faltima semana de julio las alumnas del grado de Comunicaci\u00f3n Audiovisual de la UMH, Luisella Fiorella y Elisabet Agull\u00f3, junto con los alumnos de la UDCI se encuentran en la fase de postproducci\u00f3n del cortometraje De este lado del sue\u00f1o (2018). El metraje se construye como proyecto internacional que une ambas universidades en su segunda edici\u00f3n. El pr\u00f3ximo viernes 27 tendr\u00e1 lugar la premier de esta producci\u00f3n audiovisual internacional que ha sido producida \u00edntegramente en Tijuana y la frontera con San Diego. Su primera proyecci\u00f3n, punto de partida de su estrategia de difusi\u00f3n, tendr\u00e1 lugar en el teatro de la UDCI.<\/p>\n<p>En la postproducci\u00f3n destacamos la uni\u00f3n que se ha creado entre los alumnos de Comunicaci\u00f3n Audiovisual de la UMH y los alumnos de cine de la UDCI, pues juntos est\u00e1n llevando a cabo el proceso de edici\u00f3n y montaje que pretende unir perspectivas creativas y humanas, para contar esta ficci\u00f3n audiovisual que aborda la inmigraci\u00f3n desde un punto de vista innovador.<\/p>\n<p>El Proyecto International Student Film Project est\u00e1 organizado por la Titulaci\u00f3n en Comunicaci\u00f3n Audiovisual de la UMH (Espa\u00f1a) y adem\u00e1s en su segunda edici\u00f3n por la Universidad de las Californias Internacional (Tijuana, M\u00e9xico). Cuenta con la colaboraci\u00f3n del Vicerrectorado de Relaciones Internacionales, el Vicerrectorado de Cultura y Extensi\u00f3n Universitaria, el Festival Internacional de Cine Independiente de Elche (FICIE) y la Facultad de Ciencias Sociales y Jur\u00eddicas de Elche.<\/p>\n<p>&nbsp;<\/p>\n<p>&nbsp;<\/p>\n","protected":false},"excerpt":{"rendered":"<p>Durante esa \u00faltima semana de julio las alumnas del grado de Comunicaci\u00f3n Audiovisual de la UMH, Luisella Fiorella y Elisabet Agull\u00f3, junto con los alumnos de la UDCI se encuentran en la fase de postproducci\u00f3n del cortometraje De este lado del sue\u00f1o (2018). El metraje se construye como proyecto internacional que une ambas universidades en [&hellip;]<\/p>\n","protected":false},"author":1406,"featured_media":0,"comment_status":"closed","ping_status":"open","sticky":false,"template":"","format":"standard","meta":{"_links_to":"","_links_to_target":""},"categories":[112,2],"tags":[],"_links":{"self":[{"href":"https:\/\/gradocau.umh.es\/ca\/wp-json\/wp\/v2\/posts\/3464"}],"collection":[{"href":"https:\/\/gradocau.umh.es\/ca\/wp-json\/wp\/v2\/posts"}],"about":[{"href":"https:\/\/gradocau.umh.es\/ca\/wp-json\/wp\/v2\/types\/post"}],"author":[{"embeddable":true,"href":"https:\/\/gradocau.umh.es\/ca\/wp-json\/wp\/v2\/users\/1406"}],"replies":[{"embeddable":true,"href":"https:\/\/gradocau.umh.es\/ca\/wp-json\/wp\/v2\/comments?post=3464"}],"version-history":[{"count":0,"href":"https:\/\/gradocau.umh.es\/ca\/wp-json\/wp\/v2\/posts\/3464\/revisions"}],"wp:attachment":[{"href":"https:\/\/gradocau.umh.es\/ca\/wp-json\/wp\/v2\/media?parent=3464"}],"wp:term":[{"taxonomy":"category","embeddable":true,"href":"https:\/\/gradocau.umh.es\/ca\/wp-json\/wp\/v2\/categories?post=3464"},{"taxonomy":"post_tag","embeddable":true,"href":"https:\/\/gradocau.umh.es\/ca\/wp-json\/wp\/v2\/tags?post=3464"}],"curies":[{"name":"wp","href":"https:\/\/api.w.org\/{rel}","templated":true}]}}