{"id":3457,"date":"2018-07-20T09:15:34","date_gmt":"2018-07-20T09:15:34","guid":{"rendered":"http:\/\/gradocau.umh.es\/?p=3457"},"modified":"2018-07-20T09:15:34","modified_gmt":"2018-07-20T09:15:34","slug":"el-cortometraje-del-ispf-se-graba-en-las-localizaciones-fronterizas-de-san-ysidro-y-el-muro-las-mas-transitadas-del-mundo","status":"publish","type":"post","link":"https:\/\/gradocau.umh.es\/ca\/2018\/07\/20\/el-cortometraje-del-ispf-se-graba-en-las-localizaciones-fronterizas-de-san-ysidro-y-el-muro-las-mas-transitadas-del-mundo\/","title":{"rendered":"El cortometraje del ISPF se graba en las localizaciones fronterizas de San Ysidro y el muro, las m\u00e1s transitadas del mundo"},"content":{"rendered":"<div><a href=\"http:\/\/gradocau.umh.es\/files\/2018\/07\/rodaje-tijuana.jpeg\"><img loading=\"lazy\" class=\"  wp-image-3460 alignright\" src=\"http:\/\/gradocau.umh.es\/files\/2018\/07\/rodaje-tijuana-1024x768.jpeg\" alt=\"rodaje tijuana\" width=\"301\" height=\"226\" srcset=\"https:\/\/gradocau.umh.es\/files\/2018\/07\/rodaje-tijuana.jpeg 1024w, https:\/\/gradocau.umh.es\/files\/2018\/07\/rodaje-tijuana-300x225.jpeg 300w\" sizes=\"(max-width: 301px) 100vw, 301px\" \/><\/a><a href=\"http:\/\/gradocau.umh.es\/files\/2018\/07\/IMG-20180717-WA0060.jpg\"><img loading=\"lazy\" class=\"  wp-image-3461 alignright\" src=\"http:\/\/gradocau.umh.es\/files\/2018\/07\/IMG-20180717-WA0060-768x1024.jpg\" alt=\"IMG-20180717-WA0060\" width=\"170\" height=\"227\" srcset=\"https:\/\/gradocau.umh.es\/files\/2018\/07\/IMG-20180717-WA0060-768x1024.jpg 768w, https:\/\/gradocau.umh.es\/files\/2018\/07\/IMG-20180717-WA0060-225x300.jpg 225w, https:\/\/gradocau.umh.es\/files\/2018\/07\/IMG-20180717-WA0060.jpg 774w\" sizes=\"(max-width: 170px) 100vw, 170px\" \/><\/a> <a href=\"http:\/\/gradocau.umh.es\/files\/2018\/07\/IMG-20180717-WA0064.jpg\"><img loading=\"lazy\" class=\"  wp-image-3462 alignright\" src=\"http:\/\/gradocau.umh.es\/files\/2018\/07\/IMG-20180717-WA0064-768x1024.jpg\" alt=\"IMG-20180717-WA0064\" width=\"171\" height=\"228\" srcset=\"https:\/\/gradocau.umh.es\/files\/2018\/07\/IMG-20180717-WA0064-768x1024.jpg 768w, https:\/\/gradocau.umh.es\/files\/2018\/07\/IMG-20180717-WA0064-225x300.jpg 225w, https:\/\/gradocau.umh.es\/files\/2018\/07\/IMG-20180717-WA0064.jpg 774w\" sizes=\"(max-width: 171px) 100vw, 171px\" \/><\/a><\/div>\n<div>El cortometraje que actualmente est\u00e1n preparando los estudiantes participantes en la edici\u00f3n 2018 del International Student Film Project lleva por t\u00edtulo titulado <em>De este lado del sue\u00f1o y actualmente\u00a0<\/em>se encuentra en su fase de rodaje. La pel\u00edcula trata del tema de la inmigraci\u00f3n y ha contado entre sus localizaciones con las ubicaciones de la frontera de San Ysidro, que conecta Tijuana con San Diego. Se trata del puerto fronterizo entre M\u00e9xico y USA m\u00e1s transitado del mundo. As\u00ed mismo se ha rodado tambi\u00e9n en la zona denominada &#8216;el muro&#8217;, ubicada en las playas que separan ambos pa\u00edses, donde la frontera contin\u00faa mar adentro.\u00a0Adem\u00e1s, tambi\u00e9n se han grabado m\u00faltiples localizaciones clave de la ciudad de Tijuana.<\/div>\n<div>\n<p>El Proyecto International Student Film Project est\u00e1 organizado por la Titulaci\u00f3n en Comunicaci\u00f3n Audiovisual de la UMH (Espa\u00f1a) y adem\u00e1s en su segunda edici\u00f3n por la Universidad de las Californias Internacional (Tijuana, M\u00e9xico). Cuenta con la colaboraci\u00f3n del Vicerrectorado de Relaciones Internacionales, el Vicerrectorado de Cultura y Extensi\u00f3n Universitaria, el Festival Internacional de Cine Independiente de Elche (FICIE) y la Facultad de Ciencias Sociales y Jur\u00eddicas de Elche.<\/p>\n<\/div>\n","protected":false},"excerpt":{"rendered":"<p>El cortometraje que actualmente est\u00e1n preparando los estudiantes participantes en la edici\u00f3n 2018 del International Student Film Project lleva por t\u00edtulo titulado De este lado del sue\u00f1o y actualmente\u00a0se encuentra en su fase de rodaje. La pel\u00edcula trata del tema de la inmigraci\u00f3n y ha contado entre sus localizaciones con las ubicaciones de la frontera [&hellip;]<\/p>\n","protected":false},"author":1406,"featured_media":0,"comment_status":"closed","ping_status":"open","sticky":false,"template":"","format":"standard","meta":{"_links_to":"","_links_to_target":""},"categories":[112,2],"tags":[],"_links":{"self":[{"href":"https:\/\/gradocau.umh.es\/ca\/wp-json\/wp\/v2\/posts\/3457"}],"collection":[{"href":"https:\/\/gradocau.umh.es\/ca\/wp-json\/wp\/v2\/posts"}],"about":[{"href":"https:\/\/gradocau.umh.es\/ca\/wp-json\/wp\/v2\/types\/post"}],"author":[{"embeddable":true,"href":"https:\/\/gradocau.umh.es\/ca\/wp-json\/wp\/v2\/users\/1406"}],"replies":[{"embeddable":true,"href":"https:\/\/gradocau.umh.es\/ca\/wp-json\/wp\/v2\/comments?post=3457"}],"version-history":[{"count":0,"href":"https:\/\/gradocau.umh.es\/ca\/wp-json\/wp\/v2\/posts\/3457\/revisions"}],"wp:attachment":[{"href":"https:\/\/gradocau.umh.es\/ca\/wp-json\/wp\/v2\/media?parent=3457"}],"wp:term":[{"taxonomy":"category","embeddable":true,"href":"https:\/\/gradocau.umh.es\/ca\/wp-json\/wp\/v2\/categories?post=3457"},{"taxonomy":"post_tag","embeddable":true,"href":"https:\/\/gradocau.umh.es\/ca\/wp-json\/wp\/v2\/tags?post=3457"}],"curies":[{"name":"wp","href":"https:\/\/api.w.org\/{rel}","templated":true}]}}