{"id":3430,"date":"2018-07-10T16:17:36","date_gmt":"2018-07-10T16:17:36","guid":{"rendered":"http:\/\/gradocau.umh.es\/?p=3430"},"modified":"2018-07-10T16:18:56","modified_gmt":"2018-07-10T16:18:56","slug":"presentacion-de-la-2a-edicion-del-international-student-film-project-en-la-universidad-de-las-californias-internacional-tijuana-mexico","status":"publish","type":"post","link":"https:\/\/gradocau.umh.es\/ca\/2018\/07\/10\/presentacion-de-la-2a-edicion-del-international-student-film-project-en-la-universidad-de-las-californias-internacional-tijuana-mexico\/","title":{"rendered":"Presentaci\u00f3n de la 2\u00aa edici\u00f3n del International Student Film Project, en la Universidad de las Californias Internacional, Tijuana (M\u00e9xico)"},"content":{"rendered":"<div><a href=\"http:\/\/gradocau.umh.es\/files\/2018\/07\/isfp-2018-5.jpg\"><img loading=\"lazy\" class=\"  wp-image-3431 alignright\" src=\"http:\/\/gradocau.umh.es\/files\/2018\/07\/isfp-2018-5-1024x768.jpg\" alt=\"isfp 2018 5\" width=\"303\" height=\"227\" srcset=\"https:\/\/gradocau.umh.es\/files\/2018\/07\/isfp-2018-5.jpg 1024w, https:\/\/gradocau.umh.es\/files\/2018\/07\/isfp-2018-5-300x225.jpg 300w\" sizes=\"(max-width: 303px) 100vw, 303px\" \/><\/a><\/div>\n<div>El pasado lunes 2 de julio tuvo lugar la presentaci\u00f3n de la segunda edici\u00f3n del International Student Film Project, en la Universidad de las Californias Internacional UDCI, Tijuana, donde est\u00e1n participando las alumnas\u00a0 Luisella Fiorella Lucero Dala y Elisabet Agull\u00f3 Garc\u00eda junto al profesor Francisco Juli\u00e1n Mart\u00ednez Cano, del grado de Comunicaci\u00f3n Audiovisual de la UMH. El acto cont\u00f3 con la presencia del rector de la Universidad de las Californias Internacional, Antonio Carrillo Vilches, junto a la directora de la licenciatura en Ciencias de la Comunicaci\u00f3n, Martha Zaldivar, el director de la licenciatura en Cinematograf\u00eda, Carlos Carrillo Vilches, entre otras personalidades.<\/div>\n<div>En el acto se proyect\u00f3 el cortometraje <em>Cuando venga a por m\u00ed <\/em>(2017), producido en la primera edici\u00f3n de este proyecto\u00a0ISFP celebrado en Elche, en el que participaron alumnos de la UMH, de la UDCI y de la Universidad de Beira Interior de Portugal. Posteriormente intervinieron la egresada de la UDCI que particip\u00f3 en la primera edici\u00f3n de 2017, Pamela Palacios, adem\u00e1s del profesor Luis Felipe C\u00e1rdenas Romero, el profesor Francisco Juli\u00e1n Mart\u00ednez Cano, as\u00ed como el honorable rector de la UDCI, el Licenciado Antonio Carrillo Vilches.<\/div>\n<div><a href=\"http:\/\/gradocau.umh.es\/files\/2018\/07\/isfp-2018-2.jpg\"><img loading=\"lazy\" class=\"  wp-image-3432 alignleft\" src=\"http:\/\/gradocau.umh.es\/files\/2018\/07\/isfp-2018-2-768x1024.jpg\" alt=\"isfp 2018 2\" width=\"166\" height=\"221\" srcset=\"https:\/\/gradocau.umh.es\/files\/2018\/07\/isfp-2018-2.jpg 768w, https:\/\/gradocau.umh.es\/files\/2018\/07\/isfp-2018-2-225x300.jpg 225w\" sizes=\"(max-width: 166px) 100vw, 166px\" \/><\/a><\/div>\n<div><\/div>\n<div>Tras la buena acogida de la presentaci\u00f3n, en el teatro de la UDCI, se dio el pistoletazo de salida del proyecto de esta nueva edici\u00f3n del ISFP.<\/div>\n<div>\n<p>El Proyecto International Student Film Project est\u00e1 organizado por la Titulaci\u00f3n en Comunicaci\u00f3n Audiovisual de la UMH (Espa\u00f1a) y adem\u00e1s en su segunda edici\u00f3n por la Universidad de las Californias Internacional (Tijuana, M\u00e9xico). Cuenta con la colaboraci\u00f3n del Vicerrectorado de Relaciones Internacionales, el Vicerrectorado de Cultura y Extensi\u00f3n Universitaria, el Festival Internacional de Cine Independiente de Elche (FICIE) y la Facultad de Ciencias Sociales y Jur\u00eddicas de Elche.<\/p>\n<\/div>\n<div><\/div>\n","protected":false},"excerpt":{"rendered":"<p>El pasado lunes 2 de julio tuvo lugar la presentaci\u00f3n de la segunda edici\u00f3n del International Student Film Project, en la Universidad de las Californias Internacional UDCI, Tijuana, donde est\u00e1n participando las alumnas\u00a0 Luisella Fiorella Lucero Dala y Elisabet Agull\u00f3 Garc\u00eda junto al profesor Francisco Juli\u00e1n Mart\u00ednez Cano, del grado de Comunicaci\u00f3n Audiovisual de la [&hellip;]<\/p>\n","protected":false},"author":1406,"featured_media":0,"comment_status":"closed","ping_status":"open","sticky":false,"template":"","format":"standard","meta":{"_links_to":"","_links_to_target":""},"categories":[112,2,52],"tags":[],"_links":{"self":[{"href":"https:\/\/gradocau.umh.es\/ca\/wp-json\/wp\/v2\/posts\/3430"}],"collection":[{"href":"https:\/\/gradocau.umh.es\/ca\/wp-json\/wp\/v2\/posts"}],"about":[{"href":"https:\/\/gradocau.umh.es\/ca\/wp-json\/wp\/v2\/types\/post"}],"author":[{"embeddable":true,"href":"https:\/\/gradocau.umh.es\/ca\/wp-json\/wp\/v2\/users\/1406"}],"replies":[{"embeddable":true,"href":"https:\/\/gradocau.umh.es\/ca\/wp-json\/wp\/v2\/comments?post=3430"}],"version-history":[{"count":0,"href":"https:\/\/gradocau.umh.es\/ca\/wp-json\/wp\/v2\/posts\/3430\/revisions"}],"wp:attachment":[{"href":"https:\/\/gradocau.umh.es\/ca\/wp-json\/wp\/v2\/media?parent=3430"}],"wp:term":[{"taxonomy":"category","embeddable":true,"href":"https:\/\/gradocau.umh.es\/ca\/wp-json\/wp\/v2\/categories?post=3430"},{"taxonomy":"post_tag","embeddable":true,"href":"https:\/\/gradocau.umh.es\/ca\/wp-json\/wp\/v2\/tags?post=3430"}],"curies":[{"name":"wp","href":"https:\/\/api.w.org\/{rel}","templated":true}]}}