{"id":3394,"date":"2018-06-14T15:31:12","date_gmt":"2018-06-14T15:31:12","guid":{"rendered":"http:\/\/gradocau.umh.es\/?p=3394"},"modified":"2018-06-14T15:31:12","modified_gmt":"2018-06-14T15:31:12","slug":"los-estudiantes-de-comunicacion-audiovisual-y-periodismo-presentaron-sus-proyectos-en-la-convocatoria-de-talentos-de-a-punt","status":"publish","type":"post","link":"https:\/\/gradocau.umh.es\/ca\/2018\/06\/14\/los-estudiantes-de-comunicacion-audiovisual-y-periodismo-presentaron-sus-proyectos-en-la-convocatoria-de-talentos-de-a-punt\/","title":{"rendered":"Los estudiantes de Comunicaci\u00f3n Audiovisual y Periodismo presentaron sus proyectos en la convocatoria de talentos de \u00c0 punt"},"content":{"rendered":"<p><a href=\"http:\/\/gradocau.umh.es\/files\/2018\/06\/FullSizeRender.jpg\"><img loading=\"lazy\" class=\"  wp-image-3395 alignright\" src=\"http:\/\/gradocau.umh.es\/files\/2018\/06\/FullSizeRender-1024x525.jpg\" alt=\"FullSizeRender\" width=\"349\" height=\"179\" srcset=\"https:\/\/gradocau.umh.es\/files\/2018\/06\/FullSizeRender-1024x525.jpg 1024w, https:\/\/gradocau.umh.es\/files\/2018\/06\/FullSizeRender-300x154.jpg 300w\" sizes=\"(max-width: 349px) 100vw, 349px\" \/><\/a><\/p>\n<p>\u00c0 Punt, junto a otras productoras valencianas, celebr\u00f3 ayer la jornada de exposici\u00f3n p\u00fablica de los proyectos de nuevos talentos en el \u00e1mbito del audiovisual y la comunicaci\u00f3n, <em>Talento Audiovisual Universitario, Pitching Universidades Valencianas-Sector Audiovisual<\/em>. De un total de 22 proyectos presentados, seleccionaron 16 finalistas de los que 2 lo fueron de la Universidad Miguel Hern\u00e1ndez. Los trabajos consistieron en un concurso, titulado <em>Digno de ser concursante<\/em>, y presentado por los estudiantes de cuarto del Grado en Comunicaci\u00f3n Audiovisual (CAU) Sergio Ortu\u00f1o y Bel\u00e9n Fern\u00e1ndez; y una serie titulada <em>Carmen<\/em>, presenta por\u00a0 Anna Recatal\u00e1, estudiante de CAU y Sheila Pedro y Ainhoa P\u00e9rez, estudiantes de Periodismo, todos de segundo curso.<\/p>\n<p>La exposici\u00f3n p\u00fablica consisti\u00f3 en una presentaci\u00f3n de 7 minutos y un <em>teaser<\/em>, a lo que segu\u00eda 8 minutos m\u00e1s en los que los productores valencianos y el representante de A punt responsable de las valoraciones, hac\u00edan sus preguntas en relaci\u00f3n a las propuestas. De la serie <em>Carmen<\/em>, valoraron el riesgo por la tem\u00e1tica y el sector de edad elegido: la sexualidad en la adolescencia. Diez cap\u00edtulos de 50 minutos. Ya que se trata de un problema social y juvenil dif\u00edcilmente de tratar. Del concurso, les felicitaron por el riesgo y la complejidad del formato televisivo seleccionado. Destacaron tambi\u00e9n de este proyecto la novedad al presentar una propuesta trasversal que va a m\u00e1s all\u00e1 del enfoque universitario y desarrolla una iniciativa conjunta con estudiantes de institutos.<\/p>\n<p>La actividad ten\u00eda por objetivo que los productores se decantaran por algunos de los trabajos y con posterioridad puedan contactar con los estudiantes para llevarlos a cabo, pero en el encuentro no se dieron pistas sobre la continuidad de esta actividad, ni el inter\u00e9s por alguno de los trabajo expuesto, tal y como explic\u00f3 el profesores coordinador de los proyectos presentados por parte de la UMH, Jaume Quiles.<\/p>\n","protected":false},"excerpt":{"rendered":"<p>\u00c0 Punt, junto a otras productoras valencianas, celebr\u00f3 ayer la jornada de exposici\u00f3n p\u00fablica de los proyectos de nuevos talentos en el \u00e1mbito del audiovisual y la comunicaci\u00f3n, Talento Audiovisual Universitario, Pitching Universidades Valencianas-Sector Audiovisual. De un total de 22 proyectos presentados, seleccionaron 16 finalistas de los que 2 lo fueron de la Universidad Miguel [&hellip;]<\/p>\n","protected":false},"author":1406,"featured_media":0,"comment_status":"closed","ping_status":"open","sticky":false,"template":"","format":"standard","meta":{"_links_to":"","_links_to_target":""},"categories":[112,2,24,94,81],"tags":[],"_links":{"self":[{"href":"https:\/\/gradocau.umh.es\/ca\/wp-json\/wp\/v2\/posts\/3394"}],"collection":[{"href":"https:\/\/gradocau.umh.es\/ca\/wp-json\/wp\/v2\/posts"}],"about":[{"href":"https:\/\/gradocau.umh.es\/ca\/wp-json\/wp\/v2\/types\/post"}],"author":[{"embeddable":true,"href":"https:\/\/gradocau.umh.es\/ca\/wp-json\/wp\/v2\/users\/1406"}],"replies":[{"embeddable":true,"href":"https:\/\/gradocau.umh.es\/ca\/wp-json\/wp\/v2\/comments?post=3394"}],"version-history":[{"count":0,"href":"https:\/\/gradocau.umh.es\/ca\/wp-json\/wp\/v2\/posts\/3394\/revisions"}],"wp:attachment":[{"href":"https:\/\/gradocau.umh.es\/ca\/wp-json\/wp\/v2\/media?parent=3394"}],"wp:term":[{"taxonomy":"category","embeddable":true,"href":"https:\/\/gradocau.umh.es\/ca\/wp-json\/wp\/v2\/categories?post=3394"},{"taxonomy":"post_tag","embeddable":true,"href":"https:\/\/gradocau.umh.es\/ca\/wp-json\/wp\/v2\/tags?post=3394"}],"curies":[{"name":"wp","href":"https:\/\/api.w.org\/{rel}","templated":true}]}}