{"id":3343,"date":"2018-05-09T08:21:54","date_gmt":"2018-05-09T08:21:54","guid":{"rendered":"http:\/\/gradocau.umh.es\/?p=3343"},"modified":"2018-05-09T10:51:26","modified_gmt":"2018-05-09T10:51:26","slug":"clutch-cortometraje-ganador-de-la-segunda-edicion-del-seminario-5-y-accion-del-grado-en-cau","status":"publish","type":"post","link":"https:\/\/gradocau.umh.es\/ca\/2018\/05\/09\/clutch-cortometraje-ganador-de-la-segunda-edicion-del-seminario-5-y-accion-del-grado-en-cau\/","title":{"rendered":"Clutch, cortometraje ganador de la segunda edici\u00f3n del Seminario 5 y acci\u00f3n del Grado en CAU"},"content":{"rendered":"<p><a href=\"http:\/\/gradocau.umh.es\/files\/2018\/05\/fotos-5-y-acci\u00f3n-2018-2.jpg\"><img loading=\"lazy\" class=\"  wp-image-3345 alignright\" src=\"http:\/\/gradocau.umh.es\/files\/2018\/05\/fotos-5-y-acci\u00f3n-2018-2-1024x768.jpg\" alt=\"fotos 5 y acci\u00f3n 2018 2\" width=\"287\" height=\"215\" srcset=\"https:\/\/gradocau.umh.es\/files\/2018\/05\/fotos-5-y-acci\u00f3n-2018-2-1024x768.jpg 1024w, https:\/\/gradocau.umh.es\/files\/2018\/05\/fotos-5-y-acci\u00f3n-2018-2-300x225.jpg 300w, https:\/\/gradocau.umh.es\/files\/2018\/05\/fotos-5-y-acci\u00f3n-2018-2.jpg 1600w\" sizes=\"(max-width: 287px) 100vw, 287px\" \/><\/a>El cortometraje &#8216;Clutch&#8217;, de los estudiantes Paula Garc\u00eda Arrufat, Miguel Gim\u00e9nez Ramos, M\u00f3nica Cerd\u00e1 Berenguer, Luis Campello Agull\u00f3, Jon del\u00a0Rey Echvarr\u00eda y \u00c1ngel Llorens Miralles, \u00a0se alz\u00f3 con el premio al mejor cortometraje en la segunda edici\u00f3n del Seminario 5 y acci\u00f3n del Grado en Comunicaci\u00f3n Audiovisual. Hubo tambi\u00e9n dos menciones especiales: a la direcci\u00f3n de fotograf\u00eda por el cortometraje &#8216;Dark side of the moon&#8217;, de los estudiantes Luc Admouchnino, Andrea Alborch, Francisco Andreu, Esther Terol, Franco Gonz\u00e1lez, Silvia Vilaplana y Alejandra Botana y menci\u00f3n al Guion del corto &#8216;X&#8217; de los estudiantes Sergio Asensi, \u00d3scar La Red, Laura Azor\u00edn, Mario Mart\u00ednez, Sergio Cant\u00f3, Iv\u00e1n Agull\u00f3 y Mar\u00eda Jos\u00e9 Valera.<\/p>\n<p>Se presentaron un total de 6 de los siete cortos previstos, todo un \u00e9xito al tratarse de una experiencia pr\u00e1cticamente aut\u00f3noma de los estudiantes de primer curso, que coordinados y asesorados por profesores de segundo y tercer curso optimizan el curso acad\u00e9mico para llevar a cabo su primer cortometraje empleando para su grabaci\u00f3n y montaje el tel\u00e9fono m\u00f3vil.<\/p>\n<p>Todos los trabajos presentados mostraron los intereses de los j\u00f3venes de comunicaci\u00f3n audiovisual, que se decantan por protagonistas que se enfrentan a la preocupaci\u00f3n por el &#8216;yo&#8217; interior,\u00a0la soledad a la que se enfrenta el individuo en el siglo XXI y las relaciones de pareja.<\/p>\n<p>El Seminario 5 y acci\u00f3n es una iniciativa de la titulaci\u00f3n de CAU que cuenta con el respaldo de la Facultad de Ciencias Sociales y Humanas. Se imparte durante todo el curso acad\u00e9mico con un total de\u00a011 sesiones en las que a los estudiantes se les dan pautas b\u00e1sicas sobre guion literario, guion t\u00e9cnico, documentaci\u00f3n, dise\u00f1o de personajes, sonido, uso de c\u00e1maras, producci\u00f3n,\u00a0edici\u00f3n y montaje.<\/p>\n<p>El viernes pasado tuvo lugar la \u00faltima sesi\u00f3n de visionado en la que todos conocieron los cortometrajes de sus compa\u00f1eros y los profesores tuvieron ocasi\u00f3n de hacer sus valoraciones, propuestas de mejor y felicitaciones. Tras la entrega del premio, todos los participantes recibieron una camiseta de regalo, se hicieron una fotograf\u00eda de grupo y finalizaron disfrutando de una merienda amenizada con m\u00fasica original del estudiante de primero de CAU, Francisco Berbegal.<\/p>\n<p><a href=\"http:\/\/gradocau.umh.es\/files\/2018\/05\/fotos-5-y-acci\u00f3n-2018-5-ok.jpg\"><img loading=\"lazy\" class=\"  wp-image-3346 aligncenter\" src=\"http:\/\/gradocau.umh.es\/files\/2018\/05\/fotos-5-y-acci\u00f3n-2018-5-ok-1024x229.jpg\" alt=\"fotos 5 y acci\u00f3n 2018 5 ok\" width=\"930\" height=\"208\" srcset=\"https:\/\/gradocau.umh.es\/files\/2018\/05\/fotos-5-y-acci\u00f3n-2018-5-ok-1024x229.jpg 1024w, https:\/\/gradocau.umh.es\/files\/2018\/05\/fotos-5-y-acci\u00f3n-2018-5-ok-300x67.jpg 300w, https:\/\/gradocau.umh.es\/files\/2018\/05\/fotos-5-y-acci\u00f3n-2018-5-ok.jpg 1491w\" sizes=\"(max-width: 930px) 100vw, 930px\" \/><\/a><\/p>\n<p><a href=\"http:\/\/gradocau.umh.es\/files\/2018\/05\/fotos-5-y-acci\u00f3n-2018-5.jpg\">\u00a0<\/a><\/p>\n<p>&nbsp;<\/p>\n","protected":false},"excerpt":{"rendered":"<p>El cortometraje &#8216;Clutch&#8217;, de los estudiantes Paula Garc\u00eda Arrufat, Miguel Gim\u00e9nez Ramos, M\u00f3nica Cerd\u00e1 Berenguer, Luis Campello Agull\u00f3, Jon del\u00a0Rey Echvarr\u00eda y \u00c1ngel Llorens Miralles, \u00a0se alz\u00f3 con el premio al mejor cortometraje en la segunda edici\u00f3n del Seminario 5 y acci\u00f3n del Grado en Comunicaci\u00f3n Audiovisual. Hubo tambi\u00e9n dos menciones especiales: a la direcci\u00f3n [&hellip;]<\/p>\n","protected":false},"author":1406,"featured_media":0,"comment_status":"closed","ping_status":"open","sticky":false,"template":"","format":"standard","meta":{"_links_to":"","_links_to_target":""},"categories":[112,2,24,68,185,89,102,52],"tags":[],"_links":{"self":[{"href":"https:\/\/gradocau.umh.es\/ca\/wp-json\/wp\/v2\/posts\/3343"}],"collection":[{"href":"https:\/\/gradocau.umh.es\/ca\/wp-json\/wp\/v2\/posts"}],"about":[{"href":"https:\/\/gradocau.umh.es\/ca\/wp-json\/wp\/v2\/types\/post"}],"author":[{"embeddable":true,"href":"https:\/\/gradocau.umh.es\/ca\/wp-json\/wp\/v2\/users\/1406"}],"replies":[{"embeddable":true,"href":"https:\/\/gradocau.umh.es\/ca\/wp-json\/wp\/v2\/comments?post=3343"}],"version-history":[{"count":0,"href":"https:\/\/gradocau.umh.es\/ca\/wp-json\/wp\/v2\/posts\/3343\/revisions"}],"wp:attachment":[{"href":"https:\/\/gradocau.umh.es\/ca\/wp-json\/wp\/v2\/media?parent=3343"}],"wp:term":[{"taxonomy":"category","embeddable":true,"href":"https:\/\/gradocau.umh.es\/ca\/wp-json\/wp\/v2\/categories?post=3343"},{"taxonomy":"post_tag","embeddable":true,"href":"https:\/\/gradocau.umh.es\/ca\/wp-json\/wp\/v2\/tags?post=3343"}],"curies":[{"name":"wp","href":"https:\/\/api.w.org\/{rel}","templated":true}]}}