{"id":3314,"date":"2018-04-23T08:40:48","date_gmt":"2018-04-23T08:40:48","guid":{"rendered":"http:\/\/gradocau.umh.es\/?p=3314"},"modified":"2018-04-23T08:40:48","modified_gmt":"2018-04-23T08:40:48","slug":"segunda-jornada-comunic_a-de-encuentros-entre-empresas-de-publicidad-y-alumnos-del-grado-en-comunicacion-audiovisual","status":"publish","type":"post","link":"https:\/\/gradocau.umh.es\/ca\/2018\/04\/23\/segunda-jornada-comunic_a-de-encuentros-entre-empresas-de-publicidad-y-alumnos-del-grado-en-comunicacion-audiovisual\/","title":{"rendered":"Segunda Jornada COMUNIC_A de encuentros entre empresas de publicidad y alumnos del Grado en Comunicaci\u00f3n Audiovisual"},"content":{"rendered":"<div dir=\"ltr\">\n<div class=\"gmail_quote\">\n<div dir=\"ltr\">\n<p class=\"m_9051859152308124107gmail-p1\" style=\"color: #2d2d2d; font: 10px Arial; margin: 0px;\">\n<p class=\"m_9051859152308124107gmail-p1\" style=\"color: #2d2d2d; font: 10px Arial; margin: 0px;\"><a href=\"http:\/\/gradocau.umh.es\/files\/2018\/04\/CARTEL-JORNADAS-COMUNICA-2018.jpg\"><img loading=\"lazy\" class=\"  wp-image-3315 alignright\" src=\"http:\/\/gradocau.umh.es\/files\/2018\/04\/CARTEL-JORNADAS-COMUNICA-2018-724x1024.jpg\" alt=\"CARTEL JORNADAS COMUNICA 2018\" width=\"226\" height=\"320\" srcset=\"https:\/\/gradocau.umh.es\/files\/2018\/04\/CARTEL-JORNADAS-COMUNICA-2018-724x1024.jpg 724w, https:\/\/gradocau.umh.es\/files\/2018\/04\/CARTEL-JORNADAS-COMUNICA-2018-212x300.jpg 212w\" sizes=\"(max-width: 226px) 100vw, 226px\" \/><\/a>El pr\u00f3ximo d\u00eda 25 de abril se celebrar\u00e1 la 2\u00aa Jornada COMUNIC_A, actividad enmarcada en la Plataforma del mismo nombre, que organiza el Departamento de Arte y el Grupo de Investigaci\u00f3n Massiva y la Asociaci\u00f3n de Empresas de Publicidad de la Provincia de Alicante, 361\u00ba, con la colaboraci\u00f3n del Vicerrectorado de Cultura y del Grado en Comunicaci\u00f3n Audiovisual.<\/p>\n<p class=\"m_9051859152308124107gmail-p1\" style=\"color: #2d2d2d; font: 10px Arial; margin: 0px;\">Participar\u00e1n en el acto el Presidente de 361\u00ba, Andr\u00e9s Karp, y los ponentes Guillermo Villanueva y H\u00e9ctor Delgado de la agencia Utopicum y David Rodr\u00edguez y Samuel Vel\u00e1zquez de \u00c9kiba, agencia de marketing online.<\/p>\n<p class=\"m_9051859152308124107gmail-p1\" style=\"color: #2d2d2d; font: 10px Arial; margin: 0px;\">La Jornada se realizar\u00e1 en el Edificio Atzavares del Campus de Elche y constar\u00e1 de dos exposiciones sobre casos concretos, acerca del trabajo audiovisual en el \u00e1mbito publicitario.<\/p>\n<p class=\"m_9051859152308124107gmail-p1\" style=\"color: #2d2d2d; font: 10px Arial; margin: 0px;\">El prop\u00f3sito de la Plataforma COMUNIC_A es poner en contacto el mundo profesional de la publicidad audiovisual con el entorno acad\u00e9mico y los alumnos del Grado en Comunicaci\u00f3n Audiovisual, a trav\u00e9s de la promoci\u00f3n y desarrollo de pr\u00e1cticas acad\u00e9micas en las empresas asociadas a 361\u00ba y tambi\u00e9n mediante estas Jornadas. As\u00ed se pretende, por un lado, proporcionar una experiencia profesional a los alumnos y, por otro, crear sinergias y contactos que en el futuro pueden repercutir en colaboraciones profesionales una vez acabados los estudios.<\/p>\n<p class=\"m_9051859152308124107gmail-p1\" style=\"color: #2d2d2d; font: 10px Arial; margin: 0px;\">Este acto es el colof\u00f3n al trabajo de varios grupos de alumnos que han realizado pr\u00e1cticas en empresas de publicidad durante los \u00faltimos meses, dentro del Programa de Pr\u00e1cticas COMUNIC_A y cuyo resultado, en forma de piezas publicitarias, ser\u00e1 presentado al final de la propia Jornada.<\/p>\n<p class=\"m_9051859152308124107gmail-p1\" style=\"color: #2d2d2d; font: 10px Arial; margin: 0px;\">El desarrollo e implementaci\u00f3n de la Plataforma COMUNIC_A ha sido dirigido y coordinado por los profesores Mario-Paul Mart\u00ednez Fabre y Vicente Javier P\u00e9rez Valero, con el apoyo del equipo docente e investigador del \u00c1rea de Est\u00e9tica y Teor\u00eda de las Artes y el Grupo de investigaci\u00f3n Massiva, as\u00ed como con el apoyo de los profesores del \u00c1rea de Comunicaci\u00f3n Audiovisual, Bego\u00f1a Ivars y Paco Mart\u00ednez.<\/p>\n<div><\/div>\n<\/div>\n<\/div>\n<\/div>\n","protected":false},"excerpt":{"rendered":"<p>El pr\u00f3ximo d\u00eda 25 de abril se celebrar\u00e1 la 2\u00aa Jornada COMUNIC_A, actividad enmarcada en la Plataforma del mismo nombre, que organiza el Departamento de Arte y el Grupo de Investigaci\u00f3n Massiva y la Asociaci\u00f3n de Empresas de Publicidad de la Provincia de Alicante, 361\u00ba, con la colaboraci\u00f3n del Vicerrectorado de Cultura y del Grado [&hellip;]<\/p>\n","protected":false},"author":1406,"featured_media":0,"comment_status":"closed","ping_status":"open","sticky":false,"template":"","format":"standard","meta":{"_links_to":"","_links_to_target":""},"categories":[112,2,207,94,89],"tags":[],"_links":{"self":[{"href":"https:\/\/gradocau.umh.es\/ca\/wp-json\/wp\/v2\/posts\/3314"}],"collection":[{"href":"https:\/\/gradocau.umh.es\/ca\/wp-json\/wp\/v2\/posts"}],"about":[{"href":"https:\/\/gradocau.umh.es\/ca\/wp-json\/wp\/v2\/types\/post"}],"author":[{"embeddable":true,"href":"https:\/\/gradocau.umh.es\/ca\/wp-json\/wp\/v2\/users\/1406"}],"replies":[{"embeddable":true,"href":"https:\/\/gradocau.umh.es\/ca\/wp-json\/wp\/v2\/comments?post=3314"}],"version-history":[{"count":0,"href":"https:\/\/gradocau.umh.es\/ca\/wp-json\/wp\/v2\/posts\/3314\/revisions"}],"wp:attachment":[{"href":"https:\/\/gradocau.umh.es\/ca\/wp-json\/wp\/v2\/media?parent=3314"}],"wp:term":[{"taxonomy":"category","embeddable":true,"href":"https:\/\/gradocau.umh.es\/ca\/wp-json\/wp\/v2\/categories?post=3314"},{"taxonomy":"post_tag","embeddable":true,"href":"https:\/\/gradocau.umh.es\/ca\/wp-json\/wp\/v2\/tags?post=3314"}],"curies":[{"name":"wp","href":"https:\/\/api.w.org\/{rel}","templated":true}]}}