{"id":3308,"date":"2018-04-23T08:25:00","date_gmt":"2018-04-23T08:25:00","guid":{"rendered":"http:\/\/gradocau.umh.es\/?p=3308"},"modified":"2018-04-23T08:25:00","modified_gmt":"2018-04-23T08:25:00","slug":"voluntarios-para-realizar-una-campana-audiovisual-para-la-asociacion-valenciana-de-cuidados-paliativos-psicologicos","status":"publish","type":"post","link":"https:\/\/gradocau.umh.es\/ca\/2018\/04\/23\/voluntarios-para-realizar-una-campana-audiovisual-para-la-asociacion-valenciana-de-cuidados-paliativos-psicologicos\/","title":{"rendered":"Voluntarios para realizar una campa\u00f1a audiovisual para la Asociaci\u00f3n Valenciana de Cuidados Paliativos Psicol\u00f3gicos"},"content":{"rendered":"<div style=\"font-size: 12pt; font-family: Calibri; color: #000000; direction: ltr;\">\n<p>La Asociaci\u00f3n Valenciana de Cuidados Paliativos Psicol\u00f3gicos busca voluntarios relacionados con el \u00e1mbito audiovisual para realizar la parte audiovisual de su nueva campa\u00f1a centrada en mu\u00f1ecos solidarios y en la que\u00a0colaboran personajes relevantes del mundo del deporte, etc. Se trata de una colaboraci\u00f3n altruista.<\/p>\n<p>La labor de esta asociaci\u00f3n\u00a0se centra en el acompa\u00f1amiento a enfermos cr\u00f3nicos,\u00a0terminales y a toda su familia, siendo un apoyo psicol\u00f3gico, emocional y espiritual (desde una visi\u00f3n existencialista).<\/p>\n<div>\n<p class=\"x_xmsonormal\">\u00a0Si te interesa o quieres conocer m\u00e1s sobre las tareas a realizar, contacta con Miriam Ferrero, psic\u00f3loga de Tempo, en el email <a href=\"redir.aspx?C=9hCdAmCoVEyyhGeTt7SGsDkli5FyrtUITQj2INU5FRkHJ2n4vP0sVcpENo1se5kofl6htdqHf1Q.&amp;URL=mailto%3amiriamferrero%40hotmail.com\" target=\"_blank\">miriamferrero@hotmail.com<\/a><\/p>\n<\/div>\n<\/div>\n","protected":false},"excerpt":{"rendered":"<p>La Asociaci\u00f3n Valenciana de Cuidados Paliativos Psicol\u00f3gicos busca voluntarios relacionados con el \u00e1mbito audiovisual para realizar la parte audiovisual de su nueva campa\u00f1a centrada en mu\u00f1ecos solidarios y en la que\u00a0colaboran personajes relevantes del mundo del deporte, etc. Se trata de una colaboraci\u00f3n altruista. La labor de esta asociaci\u00f3n\u00a0se centra en el acompa\u00f1amiento a enfermos [&hellip;]<\/p>\n","protected":false},"author":1406,"featured_media":0,"comment_status":"closed","ping_status":"open","sticky":false,"template":"","format":"standard","meta":{"_links_to":"","_links_to_target":""},"categories":[2],"tags":[],"_links":{"self":[{"href":"https:\/\/gradocau.umh.es\/ca\/wp-json\/wp\/v2\/posts\/3308"}],"collection":[{"href":"https:\/\/gradocau.umh.es\/ca\/wp-json\/wp\/v2\/posts"}],"about":[{"href":"https:\/\/gradocau.umh.es\/ca\/wp-json\/wp\/v2\/types\/post"}],"author":[{"embeddable":true,"href":"https:\/\/gradocau.umh.es\/ca\/wp-json\/wp\/v2\/users\/1406"}],"replies":[{"embeddable":true,"href":"https:\/\/gradocau.umh.es\/ca\/wp-json\/wp\/v2\/comments?post=3308"}],"version-history":[{"count":0,"href":"https:\/\/gradocau.umh.es\/ca\/wp-json\/wp\/v2\/posts\/3308\/revisions"}],"wp:attachment":[{"href":"https:\/\/gradocau.umh.es\/ca\/wp-json\/wp\/v2\/media?parent=3308"}],"wp:term":[{"taxonomy":"category","embeddable":true,"href":"https:\/\/gradocau.umh.es\/ca\/wp-json\/wp\/v2\/categories?post=3308"},{"taxonomy":"post_tag","embeddable":true,"href":"https:\/\/gradocau.umh.es\/ca\/wp-json\/wp\/v2\/tags?post=3308"}],"curies":[{"name":"wp","href":"https:\/\/api.w.org\/{rel}","templated":true}]}}