{"id":3293,"date":"2018-04-11T16:54:58","date_gmt":"2018-04-11T16:54:58","guid":{"rendered":"http:\/\/gradocau.umh.es\/?p=3293"},"modified":"2018-04-11T16:54:58","modified_gmt":"2018-04-11T16:54:58","slug":"convocatoria-2018-cortometrajes-umh-y-ficie-ficie-estudiante-umh","status":"publish","type":"post","link":"https:\/\/gradocau.umh.es\/ca\/2018\/04\/11\/convocatoria-2018-cortometrajes-umh-y-ficie-ficie-estudiante-umh\/","title":{"rendered":"CONVOCATORIA 2018 CORTOMETRAJES UMH Y FICIE: FICIE-ESTUDIANTE UMH"},"content":{"rendered":"<p><a href=\"http:\/\/gradocau.umh.es\/files\/2018\/04\/FICIE-ESTUDIANTE-UMH-2018.pdf\">FICIE ESTUDIANTE UMH 2018<\/a><\/p>\n<p>La Titulaci\u00f3n de Comunicaci\u00f3n Audiovisual y el Festival Internacional de Cine Independiente de Elche (FICIE) abren la segunda convocatoria para la presentaci\u00f3n de cortometrajes amateur de estudiantes que deseen presentarse en secci\u00f3n no competitiva a FICIE,\u00a0Mostra\u00b4t UMH. Los cortometrajes seleccionados ser\u00e1n exhibidos en el Hort del Xocolater (Elche) y Los Arenales del Sol previo a la secci\u00f3n oficial en secci\u00f3n no competitiva y podr\u00e1n ser vistos por su p\u00fablico habitual: casi mil personas por sesi\u00f3n. Esta propuesta se enmarca dentro de las actividades de proyecci\u00f3n del Grado en Comunicaci\u00f3n Audiovisual.<\/p>\n<p><strong>Bases de la convocatoria<\/strong><\/p>\n<ol>\n<li>Podr\u00e1n participar todos los estudiantes matriculados durante el curso 2017\/2018 en las titulaciones de Comunicaci\u00f3n Audiovisual y Periodismo de la Universidad Miguel Hern\u00e1ndez de Elche. Podr\u00e1n participar tambi\u00e9n Alumni de las titulaciones de Comunicaci\u00f3n Audiovisual y Periodismo dados de alta como tal y cuya \u00faltima matr\u00edcula haya sido igual o posterior al curso 2015\/2016.<\/li>\n<li>Los cortometrajes deben tener una duraci\u00f3n no superior a 15 minutos, cr\u00e9ditos incluidos. La tem\u00e1tica libre contempla la ficci\u00f3n, animaci\u00f3n o documental.<\/li>\n<li>La producci\u00f3n del cortometraje debe ser posterior a enero de 2016.<\/li>\n<li>Los cortometrajes pueden ser presentados en cualquier idioma, pero deber\u00e1n estar subtitulados en castellano en el caso de que no est\u00e9n producidos en esta lengua.<\/li>\n<li>Los formatos en los que se pueden presentar los trabajos son: avi, mov, mp4, mkv; con una resoluci\u00f3n de 1920&#215;1080; y con un peso de 500 megas.<\/li>\n<li>El autor del cortometraje es responsable de los derechos de autor de los contenidos en v\u00eddeo y audio. Ni la Titulaci\u00f3n de Comunicaci\u00f3n Audiovisual de la UMH ni la organizaci\u00f3n de FICIE ser\u00e1n responsables ante posibles reclamaciones legales de terceros por este tema.<\/li>\n<li>El modo de presentaci\u00f3n: debe colgarse en Youtube o Vimeo y enviar el enlace de acceso y la contrase\u00f1a de acceso (si procede) a: <a href=\"mailto:mjurado@umh.es\">mjurado@umh.es<\/a> junto con la solicitud de participaci\u00f3n (en un formato que permita la edici\u00f3n, Word o PDF no protegido). Todos los cortometrajes deben llevan cr\u00e9ditos, y en los cr\u00e9ditos iniciales y\/o finales se debe hacer constar el texto \u201cGrado en Comunicaci\u00f3n Audiovisual de la UMH\u201d y el logotipo de la UMH.<\/li>\n<li>Pueden presentarse trabajos hasta el 1 de junio de 2018. Despu\u00e9s de esta fecha no se admitir\u00e1 ning\u00fan trabajo. El\/los solicitante\/s deben asegurarse de que el enlace es el correcto y funciona. Si el d\u00eda del visionado del jurado no es accesible quedar\u00e1 descalificado sin derecho a reclamar.<\/li>\n<li>Los trabajos seleccionados se subir\u00e1n en tiempo y forma a la plataforma que FICIE determine.<\/li>\n<li>FICIE ser\u00e1 el responsable de programar los cortometrajes seleccionados en d\u00eda y hora que estime para su proyecci\u00f3n previa a la secci\u00f3n competitiva en el Hort del Xocolater y Los Arenales del Sol, agrupados en una secci\u00f3n denominada \u201cMostra\u00b4t UMH\u201d.<\/li>\n<li>Para esta segunda convocatoria se ha estimado que el tiempo m\u00e1ximo de exhibici\u00f3n de los trabajos procedentes de esta convocatoria ser\u00e1 de una hora, distribuidos en dos sesiones de 30 minutos. Esta condici\u00f3n no obliga al jurado a concretar los cortometrajes seleccionados en funci\u00f3n del tiempo, sino que podr\u00e1 determinar cualquier duraci\u00f3n pero siempre por debajo de los 60 minutos.<\/li>\n<li>El jurado estar\u00e1 compuesto por profesorado competente y de reconocido prestigio en las titulaciones implicadas en la convocatoria.<\/li>\n<li>Criterios de selecci\u00f3n: El jurado como representante de las titulaciones implicadas debe velar por la calidad de los trabajos que posteriormente ser\u00e1n exhibidos en el festival internacional; adem\u00e1s comprobar\u00e1 que el tiempo m\u00e1ximo de los trabajos seleccionados no supera una hora de proyecci\u00f3n. El jurado podr\u00e1 declarar desierta la selecci\u00f3n si no hay trabajos que re\u00fanan las condiciones de calidad.<\/li>\n<li>La decisi\u00f3n del jurado ser\u00e1 inapelable.<\/li>\n<li>Los estudiantes y Alumni que se presenten a la convocatoria aceptan las normas descritas en la convocatoria y aceptan que en el caso de incumplimiento de alguna de ellas el trabajo quedar\u00e1 descalificado y no contemplado.<\/li>\n<\/ol>\n<p>Esta propuesta se enmarca dentro de las actividades de proyecci\u00f3n del Grado en Comunicaci\u00f3n Audiovisual y bajo el amparo del convenio espec\u00edfico de colaboraci\u00f3n entre el vicerrectorado de Cultura y Extensi\u00f3n Universitaria de la Universidad Miguel Hern\u00e1ndez de Elche y la Fundaci\u00f3n Caja Mediterr\u00e1neo organizadora de FICIE.<\/p>\n","protected":false},"excerpt":{"rendered":"<p>FICIE ESTUDIANTE UMH 2018 La Titulaci\u00f3n de Comunicaci\u00f3n Audiovisual y el Festival Internacional de Cine Independiente de Elche (FICIE) abren la segunda convocatoria para la presentaci\u00f3n de cortometrajes amateur de estudiantes que deseen presentarse en secci\u00f3n no competitiva a FICIE,\u00a0Mostra\u00b4t UMH. Los cortometrajes seleccionados ser\u00e1n exhibidos en el Hort del Xocolater (Elche) y Los Arenales [&hellip;]<\/p>\n","protected":false},"author":1406,"featured_media":0,"comment_status":"closed","ping_status":"open","sticky":false,"template":"","format":"standard","meta":{"_links_to":"","_links_to_target":""},"categories":[112,2,24,22,89],"tags":[],"_links":{"self":[{"href":"https:\/\/gradocau.umh.es\/ca\/wp-json\/wp\/v2\/posts\/3293"}],"collection":[{"href":"https:\/\/gradocau.umh.es\/ca\/wp-json\/wp\/v2\/posts"}],"about":[{"href":"https:\/\/gradocau.umh.es\/ca\/wp-json\/wp\/v2\/types\/post"}],"author":[{"embeddable":true,"href":"https:\/\/gradocau.umh.es\/ca\/wp-json\/wp\/v2\/users\/1406"}],"replies":[{"embeddable":true,"href":"https:\/\/gradocau.umh.es\/ca\/wp-json\/wp\/v2\/comments?post=3293"}],"version-history":[{"count":0,"href":"https:\/\/gradocau.umh.es\/ca\/wp-json\/wp\/v2\/posts\/3293\/revisions"}],"wp:attachment":[{"href":"https:\/\/gradocau.umh.es\/ca\/wp-json\/wp\/v2\/media?parent=3293"}],"wp:term":[{"taxonomy":"category","embeddable":true,"href":"https:\/\/gradocau.umh.es\/ca\/wp-json\/wp\/v2\/categories?post=3293"},{"taxonomy":"post_tag","embeddable":true,"href":"https:\/\/gradocau.umh.es\/ca\/wp-json\/wp\/v2\/tags?post=3293"}],"curies":[{"name":"wp","href":"https:\/\/api.w.org\/{rel}","templated":true}]}}