{"id":3285,"date":"2018-03-26T08:17:40","date_gmt":"2018-03-26T08:17:40","guid":{"rendered":"http:\/\/gradocau.umh.es\/?p=3285"},"modified":"2018-03-26T08:17:40","modified_gmt":"2018-03-26T08:17:40","slug":"concurso-de-monologos-fecitelx-2018-y-proyectos-cuenta-alu","status":"publish","type":"post","link":"https:\/\/gradocau.umh.es\/ca\/2018\/03\/26\/concurso-de-monologos-fecitelx-2018-y-proyectos-cuenta-alu\/","title":{"rendered":"Concurso de mon\u00f3logos FeCiTELx 2018 y Proyectos Cuenta ALU"},"content":{"rendered":"<div class=\"gmail_default\">Con motivo de la celebraci\u00f3n de la Feria Urbana de Ciencia y Tecnolog\u00eda\u00a0<b>FeCiTELx<\/b>, en cuya organizaci\u00f3n participa la\u00a0 Facultad, hemos recibido a trav\u00e9s de la Vicerrectora Adjunta de Investigaci\u00f3n e Innovaci\u00f3n para la Innovaci\u00f3n informaci\u00f3n relativa a la convocatoria de las siguientes actividades dirigidas a estudiantes:<\/div>\n<div class=\"gmail_default\"><\/div>\n<div class=\"gmail_default\">&#8211; <b>Concurso de mon\u00f3logos FeCiTELx 2018<\/b>: bases en el v\u00ednculo\u00a0<a href=\"http:\/\/eduinnoticsumh.es\/eventos\/concurso-monologos-umh\/\" target=\"_blank\">http:\/\/eduinnoticsumh.es\/eventos\/concurso-monologos-umh\/<\/a><\/div>\n<div class=\"gmail_default\"><\/div>\n<div class=\"gmail_default\">&#8211; <b>Proyectos Cuenta ALU<\/b>: bases en el v\u00ednculo\u00a0<span style=\"color: #1155cc;\"><span style=\"text-decoration: underline;\"><a href=\"https:\/\/correo.umh.es\/owa\/redir.aspx?C=icz03vBOw0-4gxA9v8KAokHlOaFrmNUIF1VGljUUArgCwUcTF72BtAKuVcVcV5l9L3moGYAgMTQ.&amp;URL=http%3a%2f%2feduinnoticsumh.es%2feventos%2fconvocatoria-cuenta-alu%2f\" target=\"_blank\">htt<\/a><a href=\"p:\/\/eduinnoticsumh.es\/eventos\/convocatoria-cuenta-alu\/\" target=\"_blank\">p:\/\/eduinnoticsumh.es\/eventos\/convocatoria-cuenta-alu\/<\/a><\/span><\/span><\/div>\n","protected":false},"excerpt":{"rendered":"<p>Con motivo de la celebraci\u00f3n de la Feria Urbana de Ciencia y Tecnolog\u00eda\u00a0FeCiTELx, en cuya organizaci\u00f3n participa la\u00a0 Facultad, hemos recibido a trav\u00e9s de la Vicerrectora Adjunta de Investigaci\u00f3n e Innovaci\u00f3n para la Innovaci\u00f3n informaci\u00f3n relativa a la convocatoria de las siguientes actividades dirigidas a estudiantes: &#8211; Concurso de mon\u00f3logos FeCiTELx 2018: bases en el [&hellip;]<\/p>\n","protected":false},"author":1406,"featured_media":0,"comment_status":"closed","ping_status":"open","sticky":false,"template":"","format":"standard","meta":{"_links_to":"","_links_to_target":""},"categories":[2,24],"tags":[],"_links":{"self":[{"href":"https:\/\/gradocau.umh.es\/ca\/wp-json\/wp\/v2\/posts\/3285"}],"collection":[{"href":"https:\/\/gradocau.umh.es\/ca\/wp-json\/wp\/v2\/posts"}],"about":[{"href":"https:\/\/gradocau.umh.es\/ca\/wp-json\/wp\/v2\/types\/post"}],"author":[{"embeddable":true,"href":"https:\/\/gradocau.umh.es\/ca\/wp-json\/wp\/v2\/users\/1406"}],"replies":[{"embeddable":true,"href":"https:\/\/gradocau.umh.es\/ca\/wp-json\/wp\/v2\/comments?post=3285"}],"version-history":[{"count":0,"href":"https:\/\/gradocau.umh.es\/ca\/wp-json\/wp\/v2\/posts\/3285\/revisions"}],"wp:attachment":[{"href":"https:\/\/gradocau.umh.es\/ca\/wp-json\/wp\/v2\/media?parent=3285"}],"wp:term":[{"taxonomy":"category","embeddable":true,"href":"https:\/\/gradocau.umh.es\/ca\/wp-json\/wp\/v2\/categories?post=3285"},{"taxonomy":"post_tag","embeddable":true,"href":"https:\/\/gradocau.umh.es\/ca\/wp-json\/wp\/v2\/tags?post=3285"}],"curies":[{"name":"wp","href":"https:\/\/api.w.org\/{rel}","templated":true}]}}