{"id":3257,"date":"2018-03-07T12:58:15","date_gmt":"2018-03-07T12:58:15","guid":{"rendered":"http:\/\/gradocau.umh.es\/?p=3257"},"modified":"2018-03-07T12:58:15","modified_gmt":"2018-03-07T12:58:15","slug":"premios-a-la-creacion-artistica-para-estudiantes-universitarios-2018","status":"publish","type":"post","link":"https:\/\/gradocau.umh.es\/ca\/2018\/03\/07\/premios-a-la-creacion-artistica-para-estudiantes-universitarios-2018\/","title":{"rendered":"Premios a la Creaci\u00f3n Art\u00edstica para Estudiantes Universitarios 2018"},"content":{"rendered":"<p>Premios de la Universidad de Granada a la Creaci\u00f3n Art\u00edstica para Estudiantes Universitarios 2018 (Programa 42 del Plan Propio UGR 2018) | Universidad de Granada:<script src=\"\/\/www.google-analytics.com\/analytics.js\" async=\"\"><\/script><script type=\"text\/javascript\">\/\/ <![CDATA[\n\t\t\/\/ URL relativa del index del sitio\n\t\tvar ROOT_URI_PREFIX = \"\";\n\t\n\/\/ ]]><\/script><script type=\"text\/javascript\">\/\/ <![CDATA[\nconsole = {\tlog:function(){},\twarn:function(){},\terror:function(){}}\n\/\/ ]]><\/script><script src=\"\/\/ajax.googleapis.com\/ajax\/libs\/jquery\/1.8.3\/jquery.min.js\" type=\"text\/javascript\"><\/script><script type=\"text\/javascript\">\/\/ <![CDATA[\n window.jQuery || document.write(\"\\x3C\"+\"script type='text\/javascript' src='\/js\/3rdpart\/jquery-1.8.3.min.ALL.js'\"+\">\\x3C\/script\\x3E\")\n\/\/ ]]><\/script><script src=\"\/\/ajax.googleapis.com\/ajax\/libs\/jqueryui\/1.10.3\/jquery-ui.min.js\" type=\"text\/javascript\"><\/script><script type=\"text\/javascript\">\/\/ <![CDATA[\n window.jQuery.ui || document.write(\"\\x3C\"+\"script type='text\/javascript' src='\/js\/3rdpart\/jquery-ui-1.10.3.min.ALL.js'\"+\">\\x3C\/script\\x3E\")\n\/\/ ]]><\/script><script src=\"\/cjs\/465b1c43329ba706dc46b70adc6ec996.js\" type=\"text\/javascript\"><\/script><script type=\"text\/javascript\">\/\/ <![CDATA[\n$(document).ready(function(){\n\t\t\t\tif($.preloadCssImages){$.preloadCssImages({onlyMatchedDOMElements:true,simultaneousCacheLoading:2})};\n\t\t\t});\n\/\/ ]]><\/script><script type=\"text\/javascript\">\/\/ <![CDATA[\nif(typeof(UNICMS)=== \"undefined\"){var UNICMS={}};\n\n\t\t\t\t\t\t(function(i,s,o,g,r,a,m){\n\t\t\t\t\t\t\ti['GoogleAnalyticsObject']=r;\n\t\t\t\t\t\t\ti[r]=i[r]||function(){\n\t\t\t\t\t\t\t\t(i[r].q=i[r].q||[]).push(arguments)\n\t\t\t\t\t\t\t},i[r].l=1*new Date();\n\t\t\t\t\t\t\ta=s.createElement(o), m=s.getElementsByTagName(o)[0];\n\t\t\t\t\t\t\ta.async=1;\n\t\t\t\t\t\t\ta.src=g;\n\t\t\t\t\t\t\tm.parentNode.insertBefore(a,m) \n\t\t\t\t\t\t})(window,document,'script','\/\/www.google-analytics.com\/analytics.js','ga'); \n\t\t\t\t\t\tga('create', 'UA-7108798-1', 'auto'); \/\/ Reemplazar por la propiedad ID. \n\t\t\t\t\t\tga('require', 'displayfeatures');\n\t\t\t\t\t\tga('send', 'pageview');\n\/\/ ]]><\/script><script type=\"text\/javascript\">\/\/ <![CDATA[\n\/\/ poner clase level1_primero y level1_ultimo a los ul.departamento li\n        $(document).ready(function(){\n            $(\"ul.departamento>li:first\").addClass(\"level1_primero\");\n            $(\"ul.departamento>li:last\").addClass(\"level1_ultimo\");\n        });\n\n        \/\/ asignar clases a elementos pares e impares de los ul.departamento\n        $(document).ready(function(){\n            $(\"ul.departamento>li:even\").addClass(\"impar\");\n            $(\"ul.departamento>li:odd\").addClass(\"par\");\n        });\n\n\t\t\/\/ poner estilos a p\u00e1rrafos que s\u00f3lo contienen una imagen para poder\n\t\t\/\/ eliminar bullet.\n        $(document).ready(function(){\n            $(\"p a.media:first-child img.mediacenter\").parent().parent().addClass(\"imagen_aislada\");\n        });\n\/\/ ]]><\/script><\/p>\n<div id=\"contenedor\">\n<div id=\"general\">\n<div id=\"pagina\">\n<div id=\"contenido\" class=\"sec_interior\">\n<div class=\"content_doku\">\n<h4><a href=\"http:\/\/veu.ugr.es\/pages\/premios\/premios-de-la-universidad-de-granada-a-la-creacion-artistica-para-estudiantes-universitarios-2018-programa-42-del-plan-propio-ugr-2018\" target=\"_blank\">Bases generales<\/a><\/h4>\n<div class=\"dokuwiki_backToTop\">Podr\u00e1n participar en los citados premios estudiantes matriculados en estudios oficiales de las distintas universidades espa\u00f1olas durante el curso acad\u00e9mico 2017-2018, as\u00ed como egresados que hayan finalizado sus estudios en el curso acad\u00e9mico 2016-2017. El Jurado estar\u00e1 constituido por personas de reconocido prestigio en cada una de las modalidades y presidido por la rectora de la <a class=\"autolink\" href=\"http:\/\/www.ugr.es\/\">Universidad de Granada<\/a>. Su fallo ser\u00e1 inapelable.<\/div>\n<div class=\"level2\">\n<p>La dotaci\u00f3n del premio ser\u00e1 de 1.800 \u20ac por cada modalidad, no pudiendo ser \u00e9ste compartido pero s\u00ed declarado desierto. El premio podr\u00e1 ir acompa\u00f1ado, adem\u00e1s, de la participaci\u00f3n en alguna iniciativa dentro del contexto del programa de actividades Granada ciudad de la literatura de la UNESCO. El env\u00edo podr\u00e1 realizarse a trav\u00e9s de cualquier compa\u00f1\u00eda de servicios o por correo. En cualquier caso, las obras deber\u00e1n haber llegado a destino antes de finalizado el plazo de recepci\u00f3n de originales. El hecho de participar en estos premios implica la aceptaci\u00f3n de sus <a href=\"http:\/\/veu.ugr.es\/pages\/premios\/premios-de-la-universidad-de-granada-a-la-creacion-artistica-para-estudiantes-universitarios-2018-programa-42-del-plan-propio-ugr-2018\" target=\"_blank\">bases<\/a> y la renuncia a cualquier reclamaci\u00f3n legal, recayendo asimismo la responsabilidad de las obras sobre sus autores.<\/p>\n<p>Tel\u00e9fono de contacto: 958 24 09 81<\/p>\n<\/div>\n<\/div>\n<\/div>\n<\/div>\n<\/div>\n<\/div>\n","protected":false},"excerpt":{"rendered":"<p>Premios de la Universidad de Granada a la Creaci\u00f3n Art\u00edstica para Estudiantes Universitarios 2018 (Programa 42 del Plan Propio UGR 2018) | Universidad de Granada: Bases generales Podr\u00e1n participar en los citados premios estudiantes matriculados en estudios oficiales de las distintas universidades espa\u00f1olas durante el curso acad\u00e9mico 2017-2018, as\u00ed como egresados que hayan finalizado sus [&hellip;]<\/p>\n","protected":false},"author":1406,"featured_media":0,"comment_status":"closed","ping_status":"open","sticky":false,"template":"","format":"standard","meta":{"_links_to":"","_links_to_target":""},"categories":[2,24],"tags":[],"_links":{"self":[{"href":"https:\/\/gradocau.umh.es\/ca\/wp-json\/wp\/v2\/posts\/3257"}],"collection":[{"href":"https:\/\/gradocau.umh.es\/ca\/wp-json\/wp\/v2\/posts"}],"about":[{"href":"https:\/\/gradocau.umh.es\/ca\/wp-json\/wp\/v2\/types\/post"}],"author":[{"embeddable":true,"href":"https:\/\/gradocau.umh.es\/ca\/wp-json\/wp\/v2\/users\/1406"}],"replies":[{"embeddable":true,"href":"https:\/\/gradocau.umh.es\/ca\/wp-json\/wp\/v2\/comments?post=3257"}],"version-history":[{"count":0,"href":"https:\/\/gradocau.umh.es\/ca\/wp-json\/wp\/v2\/posts\/3257\/revisions"}],"wp:attachment":[{"href":"https:\/\/gradocau.umh.es\/ca\/wp-json\/wp\/v2\/media?parent=3257"}],"wp:term":[{"taxonomy":"category","embeddable":true,"href":"https:\/\/gradocau.umh.es\/ca\/wp-json\/wp\/v2\/categories?post=3257"},{"taxonomy":"post_tag","embeddable":true,"href":"https:\/\/gradocau.umh.es\/ca\/wp-json\/wp\/v2\/tags?post=3257"}],"curies":[{"name":"wp","href":"https:\/\/api.w.org\/{rel}","templated":true}]}}