{"id":3236,"date":"2018-02-22T10:50:48","date_gmt":"2018-02-22T10:50:48","guid":{"rendered":"http:\/\/gradocau.umh.es\/?p=3236"},"modified":"2018-02-22T10:51:29","modified_gmt":"2018-02-22T10:51:29","slug":"congreso-internacional-de-fotografia-contemporanea","status":"publish","type":"post","link":"https:\/\/gradocau.umh.es\/ca\/2018\/02\/22\/congreso-internacional-de-fotografia-contemporanea\/","title":{"rendered":"CONGRESO INTERNACIONAL DE FOTOGRAF\u00cdA CONTEMPOR\u00c1NEA"},"content":{"rendered":"<p><strong>CONGRESO INTERNACIONAL DE FOTOGRAF\u00cdA CONTEMPOR\u00c1NEA<\/strong><\/p>\n<p><strong>15, 16 y 17 de marzo de 2018<\/strong><\/p>\n<p><strong>Organizado por la Universidad Miguel Hern\u00e1ndez de Elche y PhotoAlicante<\/strong><\/p>\n<p><a href=\"https:\/\/bephoto.org\/\" target=\"_blank\">https:\/\/bephoto.org\/<\/a><\/p>\n<p>El Festival de Fotograf\u00eda Contempor\u00e1nea de Alicante\u00a0<a href=\"https:\/\/photoalicante.com\/\" target=\"_blank\">PhotoAlicante<\/a>\u00a0y la\u00a0<a href=\"https:\/\/www.umh.es\/\" target=\"_blank\">Universidad Miguel Hern\u00e1ndez de Elche<\/a>\u00a0organizan conjuntamente el primer Congreso de Fotograf\u00eda Contempor\u00e1nea BePhoto, que tendr\u00e1 lugar los d\u00edas 15, 16 y 17 de marzo de 2018 en el Centro Cultural Las Cigarreras de Alicante.<\/p>\n<p>Esta iniciativa surgida desde el festival PhotoAlicante quiere incorporar en su 5\u00aa edici\u00f3n un espacio para la reflexi\u00f3n de la pr\u00e1ctica profesional, la gesti\u00f3n, la docencia y la investigaci\u00f3n en fotograf\u00eda. Tiene, por tanto, intenci\u00f3n de recoger las aportaciones acad\u00e9micas que se llevan a cabo en torno a ella para combinar los \u00e1mbitos universitarios y profesionales. Creemos que se trata de una iniciativa necesaria con interesantes posibilidades de di\u00e1logo e intercambio entre ambas esferas.<\/p>\n","protected":false},"excerpt":{"rendered":"<p>CONGRESO INTERNACIONAL DE FOTOGRAF\u00cdA CONTEMPOR\u00c1NEA 15, 16 y 17 de marzo de 2018 Organizado por la Universidad Miguel Hern\u00e1ndez de Elche y PhotoAlicante https:\/\/bephoto.org\/ El Festival de Fotograf\u00eda Contempor\u00e1nea de Alicante\u00a0PhotoAlicante\u00a0y la\u00a0Universidad Miguel Hern\u00e1ndez de Elche\u00a0organizan conjuntamente el primer Congreso de Fotograf\u00eda Contempor\u00e1nea BePhoto, que tendr\u00e1 lugar los d\u00edas 15, 16 y 17 de marzo [&hellip;]<\/p>\n","protected":false},"author":1406,"featured_media":0,"comment_status":"closed","ping_status":"open","sticky":false,"template":"","format":"standard","meta":{"_links_to":"","_links_to_target":""},"categories":[2,94],"tags":[],"_links":{"self":[{"href":"https:\/\/gradocau.umh.es\/ca\/wp-json\/wp\/v2\/posts\/3236"}],"collection":[{"href":"https:\/\/gradocau.umh.es\/ca\/wp-json\/wp\/v2\/posts"}],"about":[{"href":"https:\/\/gradocau.umh.es\/ca\/wp-json\/wp\/v2\/types\/post"}],"author":[{"embeddable":true,"href":"https:\/\/gradocau.umh.es\/ca\/wp-json\/wp\/v2\/users\/1406"}],"replies":[{"embeddable":true,"href":"https:\/\/gradocau.umh.es\/ca\/wp-json\/wp\/v2\/comments?post=3236"}],"version-history":[{"count":0,"href":"https:\/\/gradocau.umh.es\/ca\/wp-json\/wp\/v2\/posts\/3236\/revisions"}],"wp:attachment":[{"href":"https:\/\/gradocau.umh.es\/ca\/wp-json\/wp\/v2\/media?parent=3236"}],"wp:term":[{"taxonomy":"category","embeddable":true,"href":"https:\/\/gradocau.umh.es\/ca\/wp-json\/wp\/v2\/categories?post=3236"},{"taxonomy":"post_tag","embeddable":true,"href":"https:\/\/gradocau.umh.es\/ca\/wp-json\/wp\/v2\/tags?post=3236"}],"curies":[{"name":"wp","href":"https:\/\/api.w.org\/{rel}","templated":true}]}}