{"id":3191,"date":"2018-01-29T15:36:43","date_gmt":"2018-01-29T15:36:43","guid":{"rendered":"http:\/\/gradocau.umh.es\/?p=3191"},"modified":"2018-02-01T11:10:14","modified_gmt":"2018-02-01T11:10:14","slug":"campana-silencio-incomodo","status":"publish","type":"post","link":"https:\/\/gradocau.umh.es\/ca\/2018\/01\/29\/campana-silencio-incomodo\/","title":{"rendered":"Campa\u00f1a Silencio Inc\u00f3modo"},"content":{"rendered":"<p><a href=\"http:\/\/gradocau.umh.es\/files\/2018\/01\/silencio-roto.jpg\"><img loading=\"lazy\" class=\"  wp-image-3197 alignright\" src=\"http:\/\/gradocau.umh.es\/files\/2018\/01\/silencio-roto-1024x430.jpg\" alt=\"silencio roto\" width=\"519\" height=\"218\" srcset=\"https:\/\/gradocau.umh.es\/files\/2018\/01\/silencio-roto-1024x430.jpg 1024w, https:\/\/gradocau.umh.es\/files\/2018\/01\/silencio-roto-300x126.jpg 300w, https:\/\/gradocau.umh.es\/files\/2018\/01\/silencio-roto.jpg 1461w\" sizes=\"(max-width: 519px) 100vw, 519px\" \/><\/a>El Ajuntament d&#8217;Elx presenta el lunes 5 de febrero a las 19.45 horas en el auditorio del Centre de Congressos Ciutat d&#8217;Elx la campa\u00f1a Silencio Inc\u00f3modo. La tem\u00e1tica de la misma gira en torno al problema de la vivienda y la necesidad de ampliar el n\u00famero de viviendas en alquiler social en el municipio.\u00a0La campa\u00f1a est\u00e1 organizada por las Concejal\u00edas de Bienestar Social y Comunicaci\u00f3n, y tiene un formato innovador en forma de tres cortos de unos 10 minutos de duraci\u00f3n cada uno.\u00a0 Se contar\u00e1 con la presencia de las concejalas responsables\u00a0y de la agencia creativa que la ha desarrollado. Al fin habr\u00e1 un debate sobre la tem\u00e1tica.<\/p>\n<p>No te pierdas el <a href=\"https:\/\/drive.google.com\/file\/d\/1BDF5mUxDHB4OmFC9UbUWmq0CVdQEIcCu\/view\" target=\"_blank\">teaser de presentaci\u00f3n<\/a><\/p>\n<p>&nbsp;<\/p>\n","protected":false},"excerpt":{"rendered":"<p>El Ajuntament d&#8217;Elx presenta el lunes 5 de febrero a las 19.45 horas en el auditorio del Centre de Congressos Ciutat d&#8217;Elx la campa\u00f1a Silencio Inc\u00f3modo. La tem\u00e1tica de la misma gira en torno al problema de la vivienda y la necesidad de ampliar el n\u00famero de viviendas en alquiler social en el municipio.\u00a0La campa\u00f1a [&hellip;]<\/p>\n","protected":false},"author":1406,"featured_media":0,"comment_status":"closed","ping_status":"open","sticky":false,"template":"","format":"standard","meta":{"_links_to":"","_links_to_target":""},"categories":[2],"tags":[],"_links":{"self":[{"href":"https:\/\/gradocau.umh.es\/ca\/wp-json\/wp\/v2\/posts\/3191"}],"collection":[{"href":"https:\/\/gradocau.umh.es\/ca\/wp-json\/wp\/v2\/posts"}],"about":[{"href":"https:\/\/gradocau.umh.es\/ca\/wp-json\/wp\/v2\/types\/post"}],"author":[{"embeddable":true,"href":"https:\/\/gradocau.umh.es\/ca\/wp-json\/wp\/v2\/users\/1406"}],"replies":[{"embeddable":true,"href":"https:\/\/gradocau.umh.es\/ca\/wp-json\/wp\/v2\/comments?post=3191"}],"version-history":[{"count":0,"href":"https:\/\/gradocau.umh.es\/ca\/wp-json\/wp\/v2\/posts\/3191\/revisions"}],"wp:attachment":[{"href":"https:\/\/gradocau.umh.es\/ca\/wp-json\/wp\/v2\/media?parent=3191"}],"wp:term":[{"taxonomy":"category","embeddable":true,"href":"https:\/\/gradocau.umh.es\/ca\/wp-json\/wp\/v2\/categories?post=3191"},{"taxonomy":"post_tag","embeddable":true,"href":"https:\/\/gradocau.umh.es\/ca\/wp-json\/wp\/v2\/tags?post=3191"}],"curies":[{"name":"wp","href":"https:\/\/api.w.org\/{rel}","templated":true}]}}