{"id":3183,"date":"2018-01-23T18:18:14","date_gmt":"2018-01-23T18:18:14","guid":{"rendered":"http:\/\/gradocau.umh.es\/?p=3183"},"modified":"2018-01-23T18:18:54","modified_gmt":"2018-01-23T18:18:54","slug":"tarsa-oferta-unas-becas-especiales-para-estudiantes-de-periodismo-con-motivo-de-su-20o-aniversario","status":"publish","type":"post","link":"https:\/\/gradocau.umh.es\/ca\/2018\/01\/23\/tarsa-oferta-unas-becas-especiales-para-estudiantes-de-periodismo-con-motivo-de-su-20o-aniversario\/","title":{"rendered":"Tarsa oferta unas becas especiales para estudiantes de Periodismo con motivo de su 20\u00ba aniversario"},"content":{"rendered":"<p><a href=\"http:\/\/periodismo.umh.es\/files\/2018\/01\/BECATARSA.png\"><img loading=\"lazy\" class=\"size-medium wp-image-2063 alignright\" src=\"http:\/\/periodismo.umh.es\/files\/2018\/01\/BECATARSA-212x300.png\" srcset=\"http:\/\/periodismo.umh.es\/files\/2018\/01\/BECATARSA-212x300.png 212w, http:\/\/periodismo.umh.es\/files\/2018\/01\/BECATARSA-723x1024.png 723w, http:\/\/periodismo.umh.es\/files\/2018\/01\/BECATARSA.png 729w\" alt=\"\" width=\"212\" height=\"300\" \/><\/a>En el 20\u00ba aniversario de su fundaci\u00f3n, la empresa ilicitana Tarsa oferta unas pr\u00e1cticas especiales a estudiantes de los grados de Periodismo y Comunicaci\u00f3n Audiovisual para el periodo 2018-2020. La gran novedad es que los beneficiaros contar\u00e1n con el apoyo\u00a0econ\u00f3mico y profesional de Tarsa, que asumir\u00e1 los gastos de matr\u00edculas, tasas, y material (libros) que necesite el\u00a0alumno durante el curso acad\u00e9mico.<\/p>\n<p>Los aspirantes a esta beca deben estar matriculados en la totalidad de las asignaturas de segundo curso de los grados de\u00a0Periodismo o Comunicaci\u00f3n Audiovisual en la Universidad Miguel Hern\u00e1ndez de Elche. Para ser beneficiarios, deber\u00e1n acreditar una excelente predisposici\u00f3n, conocimientos de idiomas, cursos o formaci\u00f3n\u00a0complementaria.\u00a0Gracias a este acuerdo, el estudiante podr\u00e1 desempe\u00f1ar pr\u00e1cticas en una empresa de comunicaci\u00f3n durante toda su etapa universitaria. Adem\u00e1s, <a href=\"https:\/\/tarsa.es\/\" target=\"_blank\">Tarsa<\/a> asumir\u00e1 todos los gastos de la carrera, hasta que la finalice.<\/p>\n<p>Esta empresa ofrece servicios avanzados de comunicaci\u00f3n, relaciones p\u00fablicas, gesti\u00f3n de la reputaci\u00f3n, organizaci\u00f3n y talento humano, \u00e1mbitos que cada vez tienen m\u00e1s posibilidades de desarrollo profesional en la econom\u00eda digital.\u00a0L\u00edderes en relaciones p\u00fablicas y comunicaci\u00f3n empresarial en la provincia, Tarsa ha\u00a0acogido en pr\u00e1cticas, desde su fundaci\u00f3n hace 20 a\u00f1os, a cerca de cincuenta personas,\u00a0licenciados, graduados (o a punto de serlo) en diferentes ramas vinculadas a la\u00a0comunicaci\u00f3n. M\u00e1s de la mitad de la plantilla de la entidad est\u00e1 integrada por profesionales que iniciaron su recorrido gracias a este tipo de convenios. Con estas becas, Tarsa contin\u00faa en su l\u00ednea de compromiso con la mejora del desarrollo profesional de los m\u00e1s j\u00f3venes.<\/p>\n<p>La convocatoria de las \u201cBecas 20 Aniversario\u201d se abre a las 09:00h del pr\u00f3ximo 5 de febrero de 2018 y se cerrar\u00e1 a las 14:00\u00a0horas del 14 de febrero a efectos de informaci\u00f3n y entrega de la solicitud con la\u00a0documentaci\u00f3n que debe acompa\u00f1arla.<\/p>\n<p>Consulta las <a href=\"http:\/\/periodismo.umh.es\/files\/2018\/01\/BECA-TARSA-20.pdf\" target=\"_blank\">bases\u00a0de la convocatoria<\/a>.<\/p>\n","protected":false},"excerpt":{"rendered":"<p>En el 20\u00ba aniversario de su fundaci\u00f3n, la empresa ilicitana Tarsa oferta unas pr\u00e1cticas especiales a estudiantes de los grados de Periodismo y Comunicaci\u00f3n Audiovisual para el periodo 2018-2020. La gran novedad es que los beneficiaros contar\u00e1n con el apoyo\u00a0econ\u00f3mico y profesional de Tarsa, que asumir\u00e1 los gastos de matr\u00edculas, tasas, y material (libros) que [&hellip;]<\/p>\n","protected":false},"author":1406,"featured_media":0,"comment_status":"closed","ping_status":"open","sticky":false,"template":"","format":"standard","meta":{"_links_to":"","_links_to_target":""},"categories":[2,10],"tags":[],"_links":{"self":[{"href":"https:\/\/gradocau.umh.es\/ca\/wp-json\/wp\/v2\/posts\/3183"}],"collection":[{"href":"https:\/\/gradocau.umh.es\/ca\/wp-json\/wp\/v2\/posts"}],"about":[{"href":"https:\/\/gradocau.umh.es\/ca\/wp-json\/wp\/v2\/types\/post"}],"author":[{"embeddable":true,"href":"https:\/\/gradocau.umh.es\/ca\/wp-json\/wp\/v2\/users\/1406"}],"replies":[{"embeddable":true,"href":"https:\/\/gradocau.umh.es\/ca\/wp-json\/wp\/v2\/comments?post=3183"}],"version-history":[{"count":0,"href":"https:\/\/gradocau.umh.es\/ca\/wp-json\/wp\/v2\/posts\/3183\/revisions"}],"wp:attachment":[{"href":"https:\/\/gradocau.umh.es\/ca\/wp-json\/wp\/v2\/media?parent=3183"}],"wp:term":[{"taxonomy":"category","embeddable":true,"href":"https:\/\/gradocau.umh.es\/ca\/wp-json\/wp\/v2\/categories?post=3183"},{"taxonomy":"post_tag","embeddable":true,"href":"https:\/\/gradocau.umh.es\/ca\/wp-json\/wp\/v2\/tags?post=3183"}],"curies":[{"name":"wp","href":"https:\/\/api.w.org\/{rel}","templated":true}]}}