{"id":3177,"date":"2018-01-23T18:00:34","date_gmt":"2018-01-23T18:00:34","guid":{"rendered":"http:\/\/gradocau.umh.es\/?p=3177"},"modified":"2018-01-23T18:01:36","modified_gmt":"2018-01-23T18:01:36","slug":"ii-edicion-de-proyecta-descubriendo-la-diversidad%e2%80%8b","status":"publish","type":"post","link":"https:\/\/gradocau.umh.es\/ca\/2018\/01\/23\/ii-edicion-de-proyecta-descubriendo-la-diversidad%e2%80%8b\/","title":{"rendered":"II Edici\u00f3n de Proyecta &#8220;descubriendo la diversidad\u200b&#8221;"},"content":{"rendered":"<p>Comienza la cuenta atr\u00e1s para la celebraci\u00f3n de la\u00a0<a href=\"http:\/\/mediterraniaaudiovisual.com\/\" target=\"_blank\">II Edici\u00f3n de Proyecta &#8220;descubriendo la diversidad\u200b&#8221;<\/a>\u00a0un certamen dirigido a\u00a0ni\u00f1@s, j\u00f3venes, padres y docentes\u00a0que busca la alfabetizaci\u00f3n audiovisual que tendr\u00e1 lugar\u00a0del 19 al 24 de febrero en espacios culturales p\u00fablicos y privados de la ciudad de Alicante.<\/p>\n<p>Un\u00a0evento cultural, educativo y de ocio\u00a0que\u00a0este a\u00f1o\u00a0busca llamar la atenci\u00f3n sobre la\u00a0diversidad\u00a0el objetivo favorecer la convivencia y la integraci\u00f3n y mediante la imagen fomentar la inclusi\u00f3n de valores, potenciar el juicio cr\u00edtico y favorecer el aprendizaje del lenguaje y la narrativa audiovisual tanto dentro como fuera del aula sin olvidar el uso de las nuevas tecnolog\u00edas.<\/p>\n<p>Para esta edici\u00f3n colaboran COCEMFE Alicante\u00a0para trabajar la diversidad funcional y\u00a0Fundaci\u00f3n Secretariado Gitano\u00a0para dar visibilidad a la etnia gitana.\u00a0Un evento que dirije\u00a0la Asociaci\u00f3n Mediterr\u00e0nia Audiovisual\u00a0junto con Bea Mart\u00ednez, productora y gestora cultural.<\/p>\n","protected":false},"excerpt":{"rendered":"<p>Comienza la cuenta atr\u00e1s para la celebraci\u00f3n de la\u00a0II Edici\u00f3n de Proyecta &#8220;descubriendo la diversidad\u200b&#8221;\u00a0un certamen dirigido a\u00a0ni\u00f1@s, j\u00f3venes, padres y docentes\u00a0que busca la alfabetizaci\u00f3n audiovisual que tendr\u00e1 lugar\u00a0del 19 al 24 de febrero en espacios culturales p\u00fablicos y privados de la ciudad de Alicante. Un\u00a0evento cultural, educativo y de ocio\u00a0que\u00a0este a\u00f1o\u00a0busca llamar la atenci\u00f3n [&hellip;]<\/p>\n","protected":false},"author":1406,"featured_media":0,"comment_status":"closed","ping_status":"open","sticky":false,"template":"","format":"standard","meta":{"_links_to":"","_links_to_target":""},"categories":[2,22],"tags":[],"_links":{"self":[{"href":"https:\/\/gradocau.umh.es\/ca\/wp-json\/wp\/v2\/posts\/3177"}],"collection":[{"href":"https:\/\/gradocau.umh.es\/ca\/wp-json\/wp\/v2\/posts"}],"about":[{"href":"https:\/\/gradocau.umh.es\/ca\/wp-json\/wp\/v2\/types\/post"}],"author":[{"embeddable":true,"href":"https:\/\/gradocau.umh.es\/ca\/wp-json\/wp\/v2\/users\/1406"}],"replies":[{"embeddable":true,"href":"https:\/\/gradocau.umh.es\/ca\/wp-json\/wp\/v2\/comments?post=3177"}],"version-history":[{"count":0,"href":"https:\/\/gradocau.umh.es\/ca\/wp-json\/wp\/v2\/posts\/3177\/revisions"}],"wp:attachment":[{"href":"https:\/\/gradocau.umh.es\/ca\/wp-json\/wp\/v2\/media?parent=3177"}],"wp:term":[{"taxonomy":"category","embeddable":true,"href":"https:\/\/gradocau.umh.es\/ca\/wp-json\/wp\/v2\/categories?post=3177"},{"taxonomy":"post_tag","embeddable":true,"href":"https:\/\/gradocau.umh.es\/ca\/wp-json\/wp\/v2\/tags?post=3177"}],"curies":[{"name":"wp","href":"https:\/\/api.w.org\/{rel}","templated":true}]}}