{"id":3153,"date":"2017-12-20T08:28:02","date_gmt":"2017-12-20T08:28:02","guid":{"rendered":"http:\/\/gradocau.umh.es\/?p=3153"},"modified":"2017-12-20T08:28:02","modified_gmt":"2017-12-20T08:28:02","slug":"el-profesor-del-grado-de-comunicacion-audiovisual-juan-manuel-navarro-puchaes-seleccionado-para-los-premios-goya-2018-al-mejor-cortometraje-de-animacion","status":"publish","type":"post","link":"https:\/\/gradocau.umh.es\/ca\/2017\/12\/20\/el-profesor-del-grado-de-comunicacion-audiovisual-juan-manuel-navarro-puchaes-seleccionado-para-los-premios-goya-2018-al-mejor-cortometraje-de-animacion\/","title":{"rendered":"El profesor del Grado de Comunicaci\u00f3n Audiovisual, Juan Manuel Navarro Puchaes seleccionado para los premios Goya 2018 al Mejor Cortometraje de Animaci\u00f3n"},"content":{"rendered":"<p><a href=\"http:\/\/gradocau.umh.es\/files\/2017\/12\/16407004_1593358074012927_1923591833449068120_n.jpg\"><img loading=\"lazy\" class=\"  wp-image-3154 alignright\" src=\"http:\/\/gradocau.umh.es\/files\/2017\/12\/16407004_1593358074012927_1923591833449068120_n.jpg\" alt=\"16407004_1593358074012927_1923591833449068120_n\" width=\"309\" height=\"193\" srcset=\"https:\/\/gradocau.umh.es\/files\/2017\/12\/16407004_1593358074012927_1923591833449068120_n.jpg 960w, https:\/\/gradocau.umh.es\/files\/2017\/12\/16407004_1593358074012927_1923591833449068120_n-300x188.jpg 300w\" sizes=\"(max-width: 309px) 100vw, 309px\" \/><\/a>El profesor del Grado de Comunicaci\u00f3n Audiovisual, Juan Manuel Navarro Puchaes, m\u00e1s conocido en el campo de la ilustraci\u00f3n y cine de animaci\u00f3n como Arly Jones, opta a uno de los Premios Goya por su trabajo en el cortometraje de animaci\u00f3n \u201cColores\u201d.<\/p>\n<p>\u201cColores\u201d fue un encargo realizado por el productor alicantino Jos\u00e9 Antonio Saura (Horizonte Seis Quince), al equipo de animadores Cabeza Voladora, grupo integrado por Sami Natsheh y Arly Jones; quienes se encargaron de dirigirlo y llevarlo a cabo, junto a alumnos del Grado de Bellas Artes y del Grado de Comunicaci\u00f3n Audiovisual de la Universidad Miguel Hern\u00e1ndez. \u201cColores\u201d cuenta la historia de Tito, un ni\u00f1o ciego de diez a\u00f1os que viaja por primera vez a un entorno diferente a su Madrid natal para conocer a su abuela, que vive en la alicantina localidad de Banyeres de Mariola.<\/p>\n<p>El fallo del Premio Goya se dar\u00e1 a conocer el pr\u00f3ximo d\u00eda 3 de febrero. \u201cColores\u201d compite junto a otros tres cortos de animaci\u00f3n por la mejor pel\u00edcula en la categor\u00eda de corto de animaci\u00f3n.<\/p>\n<p>El profesor Juan Manuel Navaroor\/Artly Jones es parte del Grupo de Investigaci\u00f3n MASSIVA que se dedicada al estudio del campos audiovisual y la cultura de masas, as\u00ed como integrante de la Escuela de Cine UMH.<\/p>\n<p>&nbsp;<\/p>\n<p>&nbsp;<\/p>\n","protected":false},"excerpt":{"rendered":"<p>El profesor del Grado de Comunicaci\u00f3n Audiovisual, Juan Manuel Navarro Puchaes, m\u00e1s conocido en el campo de la ilustraci\u00f3n y cine de animaci\u00f3n como Arly Jones, opta a uno de los Premios Goya por su trabajo en el cortometraje de animaci\u00f3n \u201cColores\u201d. \u201cColores\u201d fue un encargo realizado por el productor alicantino Jos\u00e9 Antonio Saura (Horizonte [&hellip;]<\/p>\n","protected":false},"author":1406,"featured_media":0,"comment_status":"closed","ping_status":"open","sticky":false,"template":"","format":"standard","meta":{"_links_to":"","_links_to_target":""},"categories":[2,185],"tags":[],"_links":{"self":[{"href":"https:\/\/gradocau.umh.es\/ca\/wp-json\/wp\/v2\/posts\/3153"}],"collection":[{"href":"https:\/\/gradocau.umh.es\/ca\/wp-json\/wp\/v2\/posts"}],"about":[{"href":"https:\/\/gradocau.umh.es\/ca\/wp-json\/wp\/v2\/types\/post"}],"author":[{"embeddable":true,"href":"https:\/\/gradocau.umh.es\/ca\/wp-json\/wp\/v2\/users\/1406"}],"replies":[{"embeddable":true,"href":"https:\/\/gradocau.umh.es\/ca\/wp-json\/wp\/v2\/comments?post=3153"}],"version-history":[{"count":0,"href":"https:\/\/gradocau.umh.es\/ca\/wp-json\/wp\/v2\/posts\/3153\/revisions"}],"wp:attachment":[{"href":"https:\/\/gradocau.umh.es\/ca\/wp-json\/wp\/v2\/media?parent=3153"}],"wp:term":[{"taxonomy":"category","embeddable":true,"href":"https:\/\/gradocau.umh.es\/ca\/wp-json\/wp\/v2\/categories?post=3153"},{"taxonomy":"post_tag","embeddable":true,"href":"https:\/\/gradocau.umh.es\/ca\/wp-json\/wp\/v2\/tags?post=3153"}],"curies":[{"name":"wp","href":"https:\/\/api.w.org\/{rel}","templated":true}]}}