{"id":3139,"date":"2017-12-18T09:41:08","date_gmt":"2017-12-18T09:41:08","guid":{"rendered":"http:\/\/gradocau.umh.es\/?p=3139"},"modified":"2017-12-18T09:41:08","modified_gmt":"2017-12-18T09:41:08","slug":"cau-de-la-umh-y-cinematografia-de-la-universidad-federal-fluminense-estrechan-lazos","status":"publish","type":"post","link":"https:\/\/gradocau.umh.es\/ca\/2017\/12\/18\/cau-de-la-umh-y-cinematografia-de-la-universidad-federal-fluminense-estrechan-lazos\/","title":{"rendered":"CAU de la UMH y Cinematograf\u00eda de la Universidad Federal Fluminense estrechan lazos"},"content":{"rendered":"<p><a href=\"http:\/\/gradocau.umh.es\/files\/2017\/12\/DSC02501.jpg\"><img loading=\"lazy\" class=\"  wp-image-3151 alignright\" src=\"http:\/\/gradocau.umh.es\/files\/2017\/12\/DSC02501-982x1024.jpg\" alt=\"DSC02501\" width=\"321\" height=\"335\" srcset=\"https:\/\/gradocau.umh.es\/files\/2017\/12\/DSC02501-982x1024.jpg 982w, https:\/\/gradocau.umh.es\/files\/2017\/12\/DSC02501-288x300.jpg 288w\" sizes=\"(max-width: 321px) 100vw, 321px\" \/><\/a>El Grado en Comunicaci\u00f3n Audiovisual y los Estudios en Cinematograf\u00eda de la Universidad Federal Fluminense de R\u00edo de Janeiro (Brasil) sientan las bases para futuros proyectos de colaboraci\u00f3n conjunta que favorecen el intercambio de estudiantes y profesores entre ambos ambas instituciones, tanto acad\u00e9micas como en el \u00e1mbito de la investigaci\u00f3n.<\/p>\n<p>La vicedecana del Grado Bego\u00f1a Ivars Nicol\u00e1s y la vicedecana de proyecci\u00f3n Montserrat Jurado Mart\u00edn visitaron diversas universidades brasile\u00f1as a principios de diciembre con el objetivo de formalizar convenios de intercambio que favorezca que los alumnos espa\u00f1oles y brasile\u00f1os pueden desarrollan proyectos conjuntos y disfrutar de estancia de estudio.<\/p>\n<p>Desde el Grado en CAU se presentaron los resultados del proyecto Internacional Student Film Project )(ISFP) para el rodaje de cortometrajes de ficci\u00f3n y documental en el \u00e1mbito de la coproducci\u00f3n internacional, donde estudiantes de al menos tres universidades de diferentes pa\u00edses, colaboran de forma conjunta durante el mes de julio con diversas producciones. En concreto, la Universidad Federal Fluminense se mostr\u00f3 abiertamente participativa para sumarse al proyecto ISFP en unas de las pr\u00f3ximas ediciones.<\/p>\n<p>Adem\u00e1s se presentaron los programas de Grado en Comunicaci\u00f3n Audiovisual , Grado en Periodismo, el M\u00e1ster en Innovaci\u00f3n en Periodismo, el programa Study Abroad del Vicerrectorado de Relaciones Internacionales y la revista de investigaci\u00f3n acad\u00e9mica Miguel Hern\u00e1ndez Communication Journal (MHCJ) del Departamento de Ciencias Sociales y Humanas. La estancia cuenta con la colaboraci\u00f3n del programa de Ayudas para la Internacionalizaci\u00f3n de Escuelas, Facultades, e Institutos de investigaci\u00f3n (<em><strong><span style=\"color: #6a6a6a;\">AIEFI<\/span><\/strong><\/em>) convocadas por el Vicerrectorado de Relaciones Internacionales de la UMH, y las titulaciones de Comunicaci\u00f3n Audiovisual y Periodismo.<\/p>\n","protected":false},"excerpt":{"rendered":"<p>El Grado en Comunicaci\u00f3n Audiovisual y los Estudios en Cinematograf\u00eda de la Universidad Federal Fluminense de R\u00edo de Janeiro (Brasil) sientan las bases para futuros proyectos de colaboraci\u00f3n conjunta que favorecen el intercambio de estudiantes y profesores entre ambos ambas instituciones, tanto acad\u00e9micas como en el \u00e1mbito de la investigaci\u00f3n. La vicedecana del Grado Bego\u00f1a [&hellip;]<\/p>\n","protected":false},"author":1406,"featured_media":0,"comment_status":"closed","ping_status":"open","sticky":false,"template":"","format":"standard","meta":{"_links_to":"","_links_to_target":""},"categories":[112,2],"tags":[],"_links":{"self":[{"href":"https:\/\/gradocau.umh.es\/ca\/wp-json\/wp\/v2\/posts\/3139"}],"collection":[{"href":"https:\/\/gradocau.umh.es\/ca\/wp-json\/wp\/v2\/posts"}],"about":[{"href":"https:\/\/gradocau.umh.es\/ca\/wp-json\/wp\/v2\/types\/post"}],"author":[{"embeddable":true,"href":"https:\/\/gradocau.umh.es\/ca\/wp-json\/wp\/v2\/users\/1406"}],"replies":[{"embeddable":true,"href":"https:\/\/gradocau.umh.es\/ca\/wp-json\/wp\/v2\/comments?post=3139"}],"version-history":[{"count":0,"href":"https:\/\/gradocau.umh.es\/ca\/wp-json\/wp\/v2\/posts\/3139\/revisions"}],"wp:attachment":[{"href":"https:\/\/gradocau.umh.es\/ca\/wp-json\/wp\/v2\/media?parent=3139"}],"wp:term":[{"taxonomy":"category","embeddable":true,"href":"https:\/\/gradocau.umh.es\/ca\/wp-json\/wp\/v2\/categories?post=3139"},{"taxonomy":"post_tag","embeddable":true,"href":"https:\/\/gradocau.umh.es\/ca\/wp-json\/wp\/v2\/tags?post=3139"}],"curies":[{"name":"wp","href":"https:\/\/api.w.org\/{rel}","templated":true}]}}