{"id":3112,"date":"2017-11-29T10:28:29","date_gmt":"2017-11-29T10:28:29","guid":{"rendered":"http:\/\/gradocau.umh.es\/?p=3112"},"modified":"2017-11-29T10:28:29","modified_gmt":"2017-11-29T10:28:29","slug":"abierto-el-plazo-de-inscripcion-del-concurso-francisco-valdes","status":"publish","type":"post","link":"https:\/\/gradocau.umh.es\/ca\/2017\/11\/29\/abierto-el-plazo-de-inscripcion-del-concurso-francisco-valdes\/","title":{"rendered":"Abierto el plazo de inscripci\u00f3n del Concurso Francisco Vald\u00e9s"},"content":{"rendered":"<p>Abierto el plazo de inscripci\u00f3n del Concurso Francisco Vald\u00e9s de Periodismo y Comunicaci\u00f3n. M\u00e1s informaci\u00f3n<a href=\"file:\/\/\/C:\/Users\/mjurado\/AppData\/Local\/Microsoft\/Windows\/INetCache\/IE\/XWIHQRO2\/TRIPTICO%20FRANCISCO%20VALDES.pdf\" target=\"_blank\"> aqu\u00ed.<\/a><\/p>\n","protected":false},"excerpt":{"rendered":"<p>Abierto el plazo de inscripci\u00f3n del Concurso Francisco Vald\u00e9s de Periodismo y Comunicaci\u00f3n. M\u00e1s informaci\u00f3n aqu\u00ed.<\/p>\n","protected":false},"author":1406,"featured_media":0,"comment_status":"closed","ping_status":"open","sticky":false,"template":"","format":"standard","meta":{"_links_to":"","_links_to_target":""},"categories":[2,24],"tags":[],"_links":{"self":[{"href":"https:\/\/gradocau.umh.es\/ca\/wp-json\/wp\/v2\/posts\/3112"}],"collection":[{"href":"https:\/\/gradocau.umh.es\/ca\/wp-json\/wp\/v2\/posts"}],"about":[{"href":"https:\/\/gradocau.umh.es\/ca\/wp-json\/wp\/v2\/types\/post"}],"author":[{"embeddable":true,"href":"https:\/\/gradocau.umh.es\/ca\/wp-json\/wp\/v2\/users\/1406"}],"replies":[{"embeddable":true,"href":"https:\/\/gradocau.umh.es\/ca\/wp-json\/wp\/v2\/comments?post=3112"}],"version-history":[{"count":0,"href":"https:\/\/gradocau.umh.es\/ca\/wp-json\/wp\/v2\/posts\/3112\/revisions"}],"wp:attachment":[{"href":"https:\/\/gradocau.umh.es\/ca\/wp-json\/wp\/v2\/media?parent=3112"}],"wp:term":[{"taxonomy":"category","embeddable":true,"href":"https:\/\/gradocau.umh.es\/ca\/wp-json\/wp\/v2\/categories?post=3112"},{"taxonomy":"post_tag","embeddable":true,"href":"https:\/\/gradocau.umh.es\/ca\/wp-json\/wp\/v2\/tags?post=3112"}],"curies":[{"name":"wp","href":"https:\/\/api.w.org\/{rel}","templated":true}]}}