{"id":3090,"date":"2017-11-14T15:54:23","date_gmt":"2017-11-14T15:54:23","guid":{"rendered":"http:\/\/gradocau.umh.es\/?p=3090"},"modified":"2017-11-14T15:54:23","modified_gmt":"2017-11-14T15:54:23","slug":"festival-de-cine-fantastico-de-elche-fanta-elx-del-16-al-18-de-noviembre","status":"publish","type":"post","link":"https:\/\/gradocau.umh.es\/ca\/2017\/11\/14\/festival-de-cine-fantastico-de-elche-fanta-elx-del-16-al-18-de-noviembre\/","title":{"rendered":"Festival de Cine Fant\u00e1stico de Elche &#8211; FANTA ELX, del 16 al 18 de noviembre"},"content":{"rendered":"<p><a href=\"http:\/\/gradocau.umh.es\/files\/2017\/11\/fantaelx.jpg\"><img loading=\"lazy\" class=\"  wp-image-3091 alignright\" src=\"http:\/\/gradocau.umh.es\/files\/2017\/11\/fantaelx.jpg\" alt=\"fantaelx\" width=\"437\" height=\"115\" srcset=\"https:\/\/gradocau.umh.es\/files\/2017\/11\/fantaelx.jpg 938w, https:\/\/gradocau.umh.es\/files\/2017\/11\/fantaelx-300x79.jpg 300w\" sizes=\"(max-width: 437px) 100vw, 437px\" \/><\/a>No te pierdas uno de los mejores festivales de cine fant\u00e1stico de Espa\u00f1a, que se celebra aqu\u00ed, en Elche. Del\u00a0 al 18 de noviembre podr\u00e1s disfrutas de proyecciones en secci\u00f3n competitiva, no competitiva y\u00a0conferencias.<\/p>\n<p>M\u00e1s informaci\u00f3n <a href=\"http:\/\/www.festivalcinefantaelx.com\/programa\/\" target=\"_blank\">aqu\u00ed<\/a><\/p>\n","protected":false},"excerpt":{"rendered":"<p>No te pierdas uno de los mejores festivales de cine fant\u00e1stico de Espa\u00f1a, que se celebra aqu\u00ed, en Elche. Del\u00a0 al 18 de noviembre podr\u00e1s disfrutas de proyecciones en secci\u00f3n competitiva, no competitiva y\u00a0conferencias. M\u00e1s informaci\u00f3n aqu\u00ed<\/p>\n","protected":false},"author":1406,"featured_media":0,"comment_status":"closed","ping_status":"open","sticky":false,"template":"","format":"standard","meta":{"_links_to":"","_links_to_target":""},"categories":[2,22],"tags":[],"_links":{"self":[{"href":"https:\/\/gradocau.umh.es\/ca\/wp-json\/wp\/v2\/posts\/3090"}],"collection":[{"href":"https:\/\/gradocau.umh.es\/ca\/wp-json\/wp\/v2\/posts"}],"about":[{"href":"https:\/\/gradocau.umh.es\/ca\/wp-json\/wp\/v2\/types\/post"}],"author":[{"embeddable":true,"href":"https:\/\/gradocau.umh.es\/ca\/wp-json\/wp\/v2\/users\/1406"}],"replies":[{"embeddable":true,"href":"https:\/\/gradocau.umh.es\/ca\/wp-json\/wp\/v2\/comments?post=3090"}],"version-history":[{"count":0,"href":"https:\/\/gradocau.umh.es\/ca\/wp-json\/wp\/v2\/posts\/3090\/revisions"}],"wp:attachment":[{"href":"https:\/\/gradocau.umh.es\/ca\/wp-json\/wp\/v2\/media?parent=3090"}],"wp:term":[{"taxonomy":"category","embeddable":true,"href":"https:\/\/gradocau.umh.es\/ca\/wp-json\/wp\/v2\/categories?post=3090"},{"taxonomy":"post_tag","embeddable":true,"href":"https:\/\/gradocau.umh.es\/ca\/wp-json\/wp\/v2\/tags?post=3090"}],"curies":[{"name":"wp","href":"https:\/\/api.w.org\/{rel}","templated":true}]}}