{"id":3061,"date":"2017-11-06T16:42:56","date_gmt":"2017-11-06T16:42:56","guid":{"rendered":"http:\/\/gradocau.umh.es\/?p=3061"},"modified":"2017-11-06T16:44:42","modified_gmt":"2017-11-06T16:44:42","slug":"congreso-internacional-de-comunicacion-audiovisual-y-publicidad-cicap-v","status":"publish","type":"post","link":"https:\/\/gradocau.umh.es\/ca\/2017\/11\/06\/congreso-internacional-de-comunicacion-audiovisual-y-publicidad-cicap-v\/","title":{"rendered":"Congreso Internacional de Comunicaci\u00f3n Audiovisual y Publicidad CICAP V"},"content":{"rendered":"<p class=\"gmail-default\" style=\"margin: 0cm; margin-bottom: .0001pt;\">El grado de Comunicaci\u00f3n Audiovisual organiza la quinta edici\u00f3n del <strong>Congreso Internacional de Comunicaci\u00f3n Audiovisual y Publicidad, CICAP V<\/strong>. En esta ocasi\u00f3n la tem\u00e1tica se centra en <em><strong>La innovaci\u00f3n en las narrativas audiovisuales<\/strong>, <\/em>\u00a0siendo un foro de debate entre estudiantes, profesionales e investigadores sobre\u00a0 c\u00f3mo contar historias de formas novedosas.<\/p>\n<p class=\"gmail-default\" style=\"margin: 0cm; margin-bottom: .0001pt;\">Toda la informaci\u00f3n est\u00e1 disponible en <a href=\"http:\/\/cicap.edu.umh.es\" target=\"_blank\">cicap.edu.umh.es<\/a><\/p>\n<p>&nbsp;<\/p>\n<p>La sesi\u00f3n cient\u00edfica, que se celebrar\u00e1 los d\u00edas <strong>14 y 15 de noviembre<\/strong>, \u00a0cuenta con la asistencia de la <strong>guionista y productora de series de la BBC Ailsa Macaulay<\/strong>, quien, adem\u00e1s de impartir una charla, ofrecer\u00e1 un taller de creaci\u00f3n de guiones. Tambi\u00e9n el <strong>cineasta Jaume Quiles<\/strong> impartir\u00e1 un taller sobre las nuevas estrategias de difusi\u00f3n de los productos audiovisuales. Adem\u00e1s, investigadores de diferentes universidades espa\u00f1olas expondr\u00e1n sus comunicaciones relacionadas con los nuevos formatos narrativos.<\/p>\n<p>&nbsp;<\/p>\n<p>La asistencia es\u00a0 gratuita para todas las actividades. Los talleres tienen l\u00edmite de aforo por lo que es necesario inscribirse a trav\u00e9s de la web http:\/\/cicap.edu.umh.es\/inscripcion\/<\/p>\n<p>&nbsp;<\/p>\n<p class=\"gmail-default\" style=\"margin: 0cm; margin-bottom: .0001pt;\">ORGANIZA:<\/p>\n<p class=\"gmail-default\" style=\"margin: 0cm; margin-bottom: .0001pt;\">Directores: Francisco Juli\u00e1n Mart\u00ednez Cano y Teresa Zaragoza Fuster<br \/>\nTitulaci\u00f3n de Comunicaci\u00f3n Audiovisual\u00a0de la Facultad de Ciencias Sociales y Jur\u00eddicas de Elche.<br \/>\nUniversidad Miguel Hern\u00e1ndez de Elche.<\/p>\n<p class=\"gmail-default\" style=\"margin: 0cm; margin-bottom: .0001pt;\">\n<p class=\"gmail-default\" style=\"margin: 0cm; margin-bottom: .0001pt;\">\n<p><a href=\"http:\/\/gradocau.umh.es\/files\/2017\/11\/Cartel-CICAP-V.jpg\"><img loading=\"lazy\" class=\"alignnone size-medium wp-image-3062 aligncenter\" src=\"http:\/\/gradocau.umh.es\/files\/2017\/11\/Cartel-CICAP-V-212x300.jpg\" alt=\"Cartel CICAP V\" width=\"212\" height=\"300\" srcset=\"https:\/\/gradocau.umh.es\/files\/2017\/11\/Cartel-CICAP-V-212x300.jpg 212w, https:\/\/gradocau.umh.es\/files\/2017\/11\/Cartel-CICAP-V-724x1024.jpg 724w, https:\/\/gradocau.umh.es\/files\/2017\/11\/Cartel-CICAP-V.jpg 842w\" sizes=\"(max-width: 212px) 100vw, 212px\" \/><\/a><\/p>\n","protected":false},"excerpt":{"rendered":"<p>El grado de Comunicaci\u00f3n Audiovisual organiza la quinta edici\u00f3n del Congreso Internacional de Comunicaci\u00f3n Audiovisual y Publicidad, CICAP V. En esta ocasi\u00f3n la tem\u00e1tica se centra en La innovaci\u00f3n en las narrativas audiovisuales, \u00a0siendo un foro de debate entre estudiantes, profesionales e investigadores sobre\u00a0 c\u00f3mo contar historias de formas novedosas. Toda la informaci\u00f3n est\u00e1 disponible [&hellip;]<\/p>\n","protected":false},"author":662,"featured_media":0,"comment_status":"closed","ping_status":"open","sticky":false,"template":"","format":"standard","meta":{"_links_to":"","_links_to_target":""},"categories":[1],"tags":[],"_links":{"self":[{"href":"https:\/\/gradocau.umh.es\/ca\/wp-json\/wp\/v2\/posts\/3061"}],"collection":[{"href":"https:\/\/gradocau.umh.es\/ca\/wp-json\/wp\/v2\/posts"}],"about":[{"href":"https:\/\/gradocau.umh.es\/ca\/wp-json\/wp\/v2\/types\/post"}],"author":[{"embeddable":true,"href":"https:\/\/gradocau.umh.es\/ca\/wp-json\/wp\/v2\/users\/662"}],"replies":[{"embeddable":true,"href":"https:\/\/gradocau.umh.es\/ca\/wp-json\/wp\/v2\/comments?post=3061"}],"version-history":[{"count":0,"href":"https:\/\/gradocau.umh.es\/ca\/wp-json\/wp\/v2\/posts\/3061\/revisions"}],"wp:attachment":[{"href":"https:\/\/gradocau.umh.es\/ca\/wp-json\/wp\/v2\/media?parent=3061"}],"wp:term":[{"taxonomy":"category","embeddable":true,"href":"https:\/\/gradocau.umh.es\/ca\/wp-json\/wp\/v2\/categories?post=3061"},{"taxonomy":"post_tag","embeddable":true,"href":"https:\/\/gradocau.umh.es\/ca\/wp-json\/wp\/v2\/tags?post=3061"}],"curies":[{"name":"wp","href":"https:\/\/api.w.org\/{rel}","templated":true}]}}