{"id":3027,"date":"2017-10-16T14:50:03","date_gmt":"2017-10-16T14:50:03","guid":{"rendered":"http:\/\/gradocau.umh.es\/?p=3027"},"modified":"2017-10-16T15:07:09","modified_gmt":"2017-10-16T15:07:09","slug":"certamen-provincial-de-cortos-santa-pola-2017","status":"publish","type":"post","link":"https:\/\/gradocau.umh.es\/ca\/2017\/10\/16\/certamen-provincial-de-cortos-santa-pola-2017\/","title":{"rendered":"Certamen Provincial de Cortos Santa Pola 2017"},"content":{"rendered":"<h3><b><img loading=\"lazy\" class=\" alignright\" src=\"http:\/\/culturasantapola.es\/wp-content\/uploads\/2017\/09\/Cartel_Cortos_17-01.jpg\" alt=\"\" width=\"161\" height=\"226\" \/>V Certamen Provincial de Cortos Santa Pola 2017<\/b><\/h3>\n<p><span class=\"_4n-j _fbReactionComponent__eventDetailsContentTags fsl\" data-testid=\"event-permalink-details\">Puedes participar en la V edici\u00f3n del Certamen de Cortos hasta el 27 de octubre, y optar a los premios al mejor corto, al mejor de tem\u00e1tica social, al premio especial del p\u00fablico o a los dos acc\u00e9sits.<\/span><\/p>\n<p><span class=\"_4n-j _fbReactionComponent__eventDetailsContentTags fsl\" data-testid=\"event-permalink-details\">Los cortos seleccionados se proyectar\u00e1n en la Casa de Cultura el 30 de noviembre, y la Gala de entrega de premios ser\u00e1 el d\u00eda 1 de diciembre.<\/span><\/p>\n<p><span class=\"_4n-j _fbReactionComponent__eventDetailsContentTags fsl\" data-testid=\"event-permalink-details\"><a href=\"http:\/\/culturasantapola.es\/wp-content\/uploads\/2017\/09\/BASES_CORTOS_2017.pdf\" target=\"_blank\">Consulta las bases y participa<\/a>.<\/span><\/p>\n<p>Organizado por las Concejal\u00edas de Cultura y Juventud.<\/p>\n<p><b><a href=\"http:\/\/culturasantapola.es\/wp-content\/uploads\/2017\/09\/BASES_CORTOS_2017.pdf\" target=\"_blank\" rel=\"noopener\"><span style=\"color: #c4a556;\">BASES_CORTOS_2017<\/span><\/a><\/b><\/p>\n","protected":false},"excerpt":{"rendered":"<p>V Certamen Provincial de Cortos Santa Pola 2017 Puedes participar en la V edici\u00f3n del Certamen de Cortos hasta el 27 de octubre, y optar a los premios al mejor corto, al mejor de tem\u00e1tica social, al premio especial del p\u00fablico o a los dos acc\u00e9sits. Los cortos seleccionados se proyectar\u00e1n en la Casa de [&hellip;]<\/p>\n","protected":false},"author":1406,"featured_media":0,"comment_status":"closed","ping_status":"open","sticky":false,"template":"","format":"standard","meta":{"_links_to":"","_links_to_target":""},"categories":[2,24],"tags":[],"_links":{"self":[{"href":"https:\/\/gradocau.umh.es\/ca\/wp-json\/wp\/v2\/posts\/3027"}],"collection":[{"href":"https:\/\/gradocau.umh.es\/ca\/wp-json\/wp\/v2\/posts"}],"about":[{"href":"https:\/\/gradocau.umh.es\/ca\/wp-json\/wp\/v2\/types\/post"}],"author":[{"embeddable":true,"href":"https:\/\/gradocau.umh.es\/ca\/wp-json\/wp\/v2\/users\/1406"}],"replies":[{"embeddable":true,"href":"https:\/\/gradocau.umh.es\/ca\/wp-json\/wp\/v2\/comments?post=3027"}],"version-history":[{"count":0,"href":"https:\/\/gradocau.umh.es\/ca\/wp-json\/wp\/v2\/posts\/3027\/revisions"}],"wp:attachment":[{"href":"https:\/\/gradocau.umh.es\/ca\/wp-json\/wp\/v2\/media?parent=3027"}],"wp:term":[{"taxonomy":"category","embeddable":true,"href":"https:\/\/gradocau.umh.es\/ca\/wp-json\/wp\/v2\/categories?post=3027"},{"taxonomy":"post_tag","embeddable":true,"href":"https:\/\/gradocau.umh.es\/ca\/wp-json\/wp\/v2\/tags?post=3027"}],"curies":[{"name":"wp","href":"https:\/\/api.w.org\/{rel}","templated":true}]}}