{"id":2979,"date":"2017-09-22T08:16:07","date_gmt":"2017-09-22T08:16:07","guid":{"rendered":"http:\/\/gradocau.umh.es\/?p=2979"},"modified":"2017-09-26T16:31:50","modified_gmt":"2017-09-26T16:31:50","slug":"jornadas-de-bienvenida-2017-2018","status":"publish","type":"post","link":"https:\/\/gradocau.umh.es\/ca\/2017\/09\/22\/jornadas-de-bienvenida-2017-2018\/","title":{"rendered":"JORNADAS DE BIENVENIDA 2017-2018"},"content":{"rendered":"<p><strong>JORNADAS DE BIENVENIDA 2017-2018<\/strong><\/p>\n<p><strong>27 de septiembre: Sesi\u00f3n informativa sobre la UMH, procedimientos e infraestructuras (SOLO PARA PRIMER CURSO)<\/strong><\/p>\n<p>&#8211; 16:00 Bienvenida y presentaci\u00f3n del Grado en Comunicaci\u00f3n Audiovisual a cargo de la Vicedecana Bego\u00f1a Ivars Nicol\u00e1s y la Vicedecana de Proyecci\u00f3n Montserrat Jurado Mart\u00edn.<\/p>\n<p>&#8211; 16:30 Bienvenida Atenci\u00f3n al Estudiante, Servicios Inform\u00e1ticos y otros Servicios.<\/p>\n<p>&#8211; 17:30 Bienvenida\u00a0de los Representantes del Grado.<\/p>\n<p>&#8211; 18:00 Descanso.<\/p>\n<p>&#8211; 18:30 Visita a Biblioteca.<\/p>\n<p><strong>16 de octubre:<\/strong> <strong>Sesi\u00f3n Internacional (PARA TODOS LOS CURSOS)<\/strong><\/p>\n<p>&#8211; 15:00 Visita a Infraestructuras para <strong>primer curso<\/strong>: Emisora de Radio y Plat\u00f3 de TV.<\/p>\n<p>&#8211; 17:00 Conferencia Internacional \u201cLa innovaci\u00f3n en los medios del servicio p\u00fablico\u201d a cargo de Madiana Aseraf, Head of Media Strategy and Development in European Broadcasting Union (EBU).<\/p>\n<p>-17:45 Taller pr\u00e1ctico gratuito sobre la innovaci\u00f3n en los medios de comunicaci\u00f3n. Aforo hasta 30 personas. Para asistir, inscribirse en <a href=\"https:\/\/correo.umh.es\/owa\/redir.aspx?C=8hp0u4DSrU-07POpMaY7FPp481MLB9UIVQ_gdvZo3RBDCeeJPkn2-gM_twbnWCc8Z12frYJfs-8.&amp;URL=https%3a%2f%2fdocs.google.com%2fforms%2fd%2fe%2f1FAIpQLScj0wSoeblLk7OTe1MWbbOdOL63MSwH2dA7ILCRlqxEPbryNQ%2fviewform\">https:\/\/docs.google.com\/forms\/d\/e\/1FAIpQLScj0wSoeblLk7OTe1MWbbOdOL63MSwH2dA7ILCRlqxEPbryNQ\/viewform<\/a><\/p>\n<p>Lugar: Aula Rosa Mar\u00eda Calaf de Atzavares.<\/p>\n<p>D\u00eda 27: Las clases se sustituyen por la Jornada para primer curso. El resto de cursos mantienen su horario habitual.<\/p>\n<p>D\u00eda 16:\u00a0A partir de las 17 horas las clases se sustituyen por la conferencia para todos los cursos. Para primer curso, la clase de las 15 horas se sustituye por la vista a Infraestructras.<\/p>\n<p>&nbsp;<\/p>\n<p>M\u00e1s informaci\u00f3n: bivars@umh.es<\/p>\n","protected":false},"excerpt":{"rendered":"<p>JORNADAS DE BIENVENIDA 2017-2018 27 de septiembre: Sesi\u00f3n informativa sobre la UMH, procedimientos e infraestructuras (SOLO PARA PRIMER CURSO) &#8211; 16:00 Bienvenida y presentaci\u00f3n del Grado en Comunicaci\u00f3n Audiovisual a cargo de la Vicedecana Bego\u00f1a Ivars Nicol\u00e1s y la Vicedecana de Proyecci\u00f3n Montserrat Jurado Mart\u00edn. &#8211; 16:30 Bienvenida Atenci\u00f3n al Estudiante, Servicios Inform\u00e1ticos y otros [&hellip;]<\/p>\n","protected":false},"author":1406,"featured_media":0,"comment_status":"closed","ping_status":"open","sticky":false,"template":"","format":"standard","meta":{"_links_to":"","_links_to_target":""},"categories":[1],"tags":[],"_links":{"self":[{"href":"https:\/\/gradocau.umh.es\/ca\/wp-json\/wp\/v2\/posts\/2979"}],"collection":[{"href":"https:\/\/gradocau.umh.es\/ca\/wp-json\/wp\/v2\/posts"}],"about":[{"href":"https:\/\/gradocau.umh.es\/ca\/wp-json\/wp\/v2\/types\/post"}],"author":[{"embeddable":true,"href":"https:\/\/gradocau.umh.es\/ca\/wp-json\/wp\/v2\/users\/1406"}],"replies":[{"embeddable":true,"href":"https:\/\/gradocau.umh.es\/ca\/wp-json\/wp\/v2\/comments?post=2979"}],"version-history":[{"count":0,"href":"https:\/\/gradocau.umh.es\/ca\/wp-json\/wp\/v2\/posts\/2979\/revisions"}],"wp:attachment":[{"href":"https:\/\/gradocau.umh.es\/ca\/wp-json\/wp\/v2\/media?parent=2979"}],"wp:term":[{"taxonomy":"category","embeddable":true,"href":"https:\/\/gradocau.umh.es\/ca\/wp-json\/wp\/v2\/categories?post=2979"},{"taxonomy":"post_tag","embeddable":true,"href":"https:\/\/gradocau.umh.es\/ca\/wp-json\/wp\/v2\/tags?post=2979"}],"curies":[{"name":"wp","href":"https:\/\/api.w.org\/{rel}","templated":true}]}}