{"id":2970,"date":"2017-09-19T12:17:42","date_gmt":"2017-09-19T12:17:42","guid":{"rendered":"http:\/\/gradocau.umh.es\/?p=2970"},"modified":"2017-09-19T12:18:33","modified_gmt":"2017-09-19T12:18:33","slug":"la-escuela-de-cine-umh-rueda-en-el-campello-el-cortometraje-hell-west","status":"publish","type":"post","link":"https:\/\/gradocau.umh.es\/ca\/2017\/09\/19\/la-escuela-de-cine-umh-rueda-en-el-campello-el-cortometraje-hell-west\/","title":{"rendered":"La Escuela de Cine UMH rueda en El Campello el cortometraje \u201cHell West\u201d"},"content":{"rendered":"<p>La Escuela de Cine de la Universidad Miguel Hern\u00e1ndez (UMH) de Elche finaliz\u00f3 el pasado mes de julio su tercera edici\u00f3n con la grabaci\u00f3n del cortometraje \u201cHell West\u201d. Este rodaje, realizado a lo largo de la \u00faltima semana de julio en el Funwest de El Campello, ha contado con la participaci\u00f3n de m\u00e1s de 40 personas entre actores y equipo t\u00e9cnico. La Escuela de Cine de la UMH es un programa formativo cuyo objetivo es complementar la formaci\u00f3n acad\u00e9mica de los estudiantes de los Grados en Comunicaci\u00f3n Audiovisual y Bellas Artes de la UMH.<\/p>\n<p>El corto es un\u00a0<em>western<\/em>\u00a0de g\u00e9nero fant\u00e1stico, escrito y dirigido por el cineasta ilicitano Fran Mateu. Cuenta la historia de un\u00a0<em>sheriff\u00a0<\/em>que es v\u00edctima de una maldici\u00f3n india por culpa de su hermano. En el reparto hay actrices como Rebeca Sala, quien participar\u00e1 en la \u00faltima pel\u00edcula de Fernando Colomo; Silvia Conesa, Morgan Blasco o Fele Pastor.<\/p>\n<p>La Escuela de Cine de la UMH pretende potenciar el aprendizaje pr\u00e1ctico de los estudiantes y permitirles vivir experiencias cinematogr\u00e1ficas reales donde se trabaje mano a mano con profesionales del sector y con profesores en la creaci\u00f3n de producciones audiovisuales en el campo de la ficci\u00f3n.<\/p>\n<p>La Escuela de Cine est\u00e1 dirigida por el Grupo de Investigaci\u00f3n Massiva del \u00c1rea de Est\u00e9tica y Teor\u00eda de las Artes (Dpto. de Arte) y cuenta con la colaboraci\u00f3n del Vicerrectorado de Cultura y Extensi\u00f3n Universitaria de la UMH, la Facultad de Ciencias Sociales y Jur\u00eddicas de Elche, el Departamento de Arte, los Grados en Comunicaci\u00f3n Audiovisual y Bellas Artes, el Consejo Social, el Servicio de Innovaci\u00f3n y Apoyo T\u00e9cnico a la Docencia y a la Investigaci\u00f3n (SIATDI) y el Servicio de Comunicaci\u00f3n de la UMH.\u00a0 <a href=\"http:\/\/gradocau.umh.es\/files\/2017\/09\/Foto-equipo.jpg\"><img loading=\"lazy\" class=\"  wp-image-2971 aligncenter\" src=\"http:\/\/gradocau.umh.es\/files\/2017\/09\/Foto-equipo-1024x576.jpg\" alt=\"Foto equipo\" width=\"439\" height=\"247\" srcset=\"https:\/\/gradocau.umh.es\/files\/2017\/09\/Foto-equipo-1024x576.jpg 1024w, https:\/\/gradocau.umh.es\/files\/2017\/09\/Foto-equipo-300x169.jpg 300w\" sizes=\"(max-width: 439px) 100vw, 439px\" \/><\/a><\/p>\n<p>No te pierdas el <a href=\"https:\/\/www.youtube.com\/watch?v=yLYiOe7tl-M&amp;t=2s\" target=\"_blank\">Making off<\/a>.<\/p>\n","protected":false},"excerpt":{"rendered":"<p>La Escuela de Cine de la Universidad Miguel Hern\u00e1ndez (UMH) de Elche finaliz\u00f3 el pasado mes de julio su tercera edici\u00f3n con la grabaci\u00f3n del cortometraje \u201cHell West\u201d. Este rodaje, realizado a lo largo de la \u00faltima semana de julio en el Funwest de El Campello, ha contado con la participaci\u00f3n de m\u00e1s de 40 [&hellip;]<\/p>\n","protected":false},"author":1406,"featured_media":0,"comment_status":"closed","ping_status":"open","sticky":false,"template":"","format":"standard","meta":{"_links_to":"","_links_to_target":""},"categories":[112,2,74,68,169,102,52],"tags":[],"_links":{"self":[{"href":"https:\/\/gradocau.umh.es\/ca\/wp-json\/wp\/v2\/posts\/2970"}],"collection":[{"href":"https:\/\/gradocau.umh.es\/ca\/wp-json\/wp\/v2\/posts"}],"about":[{"href":"https:\/\/gradocau.umh.es\/ca\/wp-json\/wp\/v2\/types\/post"}],"author":[{"embeddable":true,"href":"https:\/\/gradocau.umh.es\/ca\/wp-json\/wp\/v2\/users\/1406"}],"replies":[{"embeddable":true,"href":"https:\/\/gradocau.umh.es\/ca\/wp-json\/wp\/v2\/comments?post=2970"}],"version-history":[{"count":0,"href":"https:\/\/gradocau.umh.es\/ca\/wp-json\/wp\/v2\/posts\/2970\/revisions"}],"wp:attachment":[{"href":"https:\/\/gradocau.umh.es\/ca\/wp-json\/wp\/v2\/media?parent=2970"}],"wp:term":[{"taxonomy":"category","embeddable":true,"href":"https:\/\/gradocau.umh.es\/ca\/wp-json\/wp\/v2\/categories?post=2970"},{"taxonomy":"post_tag","embeddable":true,"href":"https:\/\/gradocau.umh.es\/ca\/wp-json\/wp\/v2\/tags?post=2970"}],"curies":[{"name":"wp","href":"https:\/\/api.w.org\/{rel}","templated":true}]}}