{"id":2965,"date":"2017-09-18T12:29:47","date_gmt":"2017-09-18T12:29:47","guid":{"rendered":"http:\/\/gradocau.umh.es\/?p=2965"},"modified":"2017-09-19T12:08:19","modified_gmt":"2017-09-19T12:08:19","slug":"bases-ix-concurso-de-reportaje-periodistico-ricardo-ortega-2017","status":"publish","type":"post","link":"https:\/\/gradocau.umh.es\/ca\/2017\/09\/18\/bases-ix-concurso-de-reportaje-periodistico-ricardo-ortega-2017\/","title":{"rendered":"BASES IX CONCURSO DE REPORTAJE PERIOD\u00cdSTICO RICARDO ORTEGA. 2017"},"content":{"rendered":"<p>BASES IX CONCURSO DE REPORTAJE PERIOD\u00cdSTICO RICARDO ORTEGA. 2017<\/p>\n<p>Ricardo Ortega dedic\u00f3 su vida a mostrar a la gente lo que pasaba en el mundo. Algo tan sencillo, tan complicado y tan necesario como eso. Su meta fue siempre hacer periodismo de calidad porque en su mente no exist\u00eda otra. Su rigor estaba por encima de las decisiones empresariales y dirig\u00eda su mirada hacia las v\u00edctimas, hacia los d\u00e9biles y hacia todos aquellos que se quedan sin voz cuando estalla la guerra.<\/p>\n<p><img loading=\"lazy\" class=\" alignright\" src=\"http:\/\/periodismo.umh.es\/files\/2017\/09\/RICARDO_ORTEGA_umh.jpg\" alt=\"\" width=\"176\" height=\"235\" \/><\/p>\n<p>Muri\u00f3 en marzo de 2004, tiroteado un una manifestaci\u00f3n en Puerto Pr\u00edncipe en la que opositores al ex presidente Aristide ped\u00edan el procesamiento de funcionarios del r\u00e9gimen. Perdi\u00f3 la vida en la primera l\u00ednea de la noticia. Desde entonces el periodismo le echa de menos. Hoy, m\u00e1s que nunca, hacen falta, profesionales de la talla de Ricardo Ortega. Desde la Universidad Miguel Hern\u00e1ndez es un honor ensalzar con la novena edici\u00f3n de este certamen a un periodista que muri\u00f3 en su empe\u00f1o por abrir ante los ojos del p\u00fablico una ventana a la realidad.<\/p>\n<p>BASES:<\/p>\n<ol>\n<li>El concurso est\u00e1 dirigido a los estudiantes de la Universidad Miguel Hern\u00e1ndez con inquietudes en el desarrollo del g\u00e9nero period\u00edstico del reportaje en cualquiera de sus posibles formatos.<\/li>\n<li>El concurso tiene tem\u00e1tica libre y los trabajos podr\u00e1n presentarse en formato escrito, radiof\u00f3nico, audiovisual o fotogr\u00e1fico. Podr\u00e1n presentarse en castellano o en valenciano.<\/li>\n<li>Podr\u00e1n participar estudiantes matriculados en ense\u00f1anza oficial en el presente curso 2016\/2017. Los autores premiados en ediciones anteriores no podr\u00e1n optar a ser ganadores en la presente edici\u00f3n.<\/li>\n<li>Los trabajos period\u00edsticos deber\u00e1n ce\u00f1irse al g\u00e9nero del reportaje. Ser\u00e1n in\u00e9ditos y originales (no se aceptar\u00e1n aquellos que hayan sido publicados o emitidos por un medio de comunicaci\u00f3n o presentados como trabajo final de curso. El autor, con su participaci\u00f3n, da fe del cumplimiento de este punto). Cada concursante solo podr\u00e1 presentar un trabajo, ya sea de forma individual o con trabajos colectivos.<\/li>\n<li>Se establece un primer, segundo y tercer premio:<\/li>\n<\/ol>\n<p>&#8211; Primer Premio al Mejor Reportaje Period\u00edstico, presentado por un estudiante de Periodismo o de Comunicaci\u00f3n Audiovisual matriculado el presente curso.<\/p>\n<p>&#8211; Segundo premio y tercer premio, al que podr\u00e1n optar los estudiantes matriculados en ense\u00f1anza oficial en la UMH durante el presente curso.<\/p>\n<ol start=\"6\">\n<li>Requisitos seg\u00fan formato de presentaci\u00f3n:<\/li>\n<\/ol>\n<p>-En el caso de los trabajos escritos, la extensi\u00f3n de los reportajes no podr\u00e1 ser inferior a 1.000 palabras ni superior a 1.500. Deben presentarse ilustrados con dos fotograf\u00edas a color.<\/p>\n<p>-En el caso de los trabajos realizados en formato radiof\u00f3nico (formato MP3) o audiovisual (AVI) se presentar\u00e1n grabados en un CD o DVD y su extensi\u00f3n ser\u00e1 de entre 5 y 7 minutos, cr\u00e9ditos incluidos. Las im\u00e1genes del audiovisual y los audios del proyecto radiof\u00f3nico no deber\u00e1n estar sujetos a derechos de autor diferentes al del autor\/res que presenta\/n el reportaje al concurso.<\/p>\n<p>-En el caso de los fotorreportajes constar\u00e1n de 8 fotograf\u00edas y un m\u00e1ximo de 500 palabras (entradilla y pies de foto).<\/p>\n<ol start=\"7\">\n<li>Los trabajos se entregar\u00e1n en un sobre cerrado: dentro de este y, para asegurar el anonimato, se incluir\u00e1 un nuevo sobre cerrado m\u00e1s peque\u00f1o que contendr\u00e1 la siguiente informaci\u00f3n:\u00a0\u00a0 a) nombre y apellidos, tel\u00e9fono m\u00f3vil y el email de contacto; d) estudios en los que est\u00e1 matriculado; c) pseud\u00f3nimo; d) t\u00edtulo del reportaje; e) fotocopia del DNI o Pasaporte.<\/li>\n<\/ol>\n<p>Los reportajes deber\u00e1n ir firmados \u00fanicamente con pseud\u00f3nimo e indicando la titulaci\u00f3n oficial en el que est\u00e1 matriculado el estudiante.<\/p>\n<ol start=\"8\">\n<li>Los reportajes se depositar\u00e1n en el casillero de la profesora Montserrat Jurado Mart\u00edn, conserjer\u00eda del edificio Torreblanca, campus de Elche. Los trabajos escritos y fotorreportajes se entregar\u00e1n impresos, preferiblemente a color. Los trabajos audiovisuales y radiof\u00f3nicos se entregar\u00e1n en formato CD o DVD (La comprobaci\u00f3n de que estos soportes contienen los trabajos y su nivel de calidad es responsabilidad del autor\/res).<\/li>\n<li>El jurado del concurso estar\u00e1 integrado por profesionales del Periodismo y de la Comunicaci\u00f3n Audiovisual de reconocido prestigio.<\/li>\n<li>El plazo de presentaci\u00f3n de los reportajes concluir\u00e1 mi\u00e9rcoles 31 de octubre de 2017 a las 14:00 horas.<\/li>\n<li>La participaci\u00f3n en el concurso supone la aceptaci\u00f3n de las bases.<\/li>\n<\/ol>\n<p>PREMIOS:<\/p>\n<ol>\n<li>Primer Premio al Mejor Reportaje Period\u00edstico, presentado por un estudiante de Periodismo o de Comunicaci\u00f3n Audiovisual, patrocinado por el Vicerrectorado de Cultura y Extensi\u00f3n Universitaria de la UMH y valorado en 500 euros netos.<\/li>\n<li>Segundo premio, patrocinado por la Oficina de Comunicaci\u00f3n\/ Revista UMH Sapiens de la UMH y valorado en 300 euros netos.<\/li>\n<li>Tercer Premio, patrocinado por el Departamento de Ciencias Sociales y Humanas de la UMH y valorado en 200 euros netos.<\/li>\n<\/ol>\n<p>El jurado podr\u00e1 declarar alg\u00fan premio si lo estima oportuno. El fallo del jurado se dar\u00e1 a conocer p\u00fablicamente durante las Jornadas Internacionales de Kapuscinski UMH, el mi\u00e9rcoles 28 de noviembre de 2017.<\/p>\n","protected":false},"excerpt":{"rendered":"<p>BASES IX CONCURSO DE REPORTAJE PERIOD\u00cdSTICO RICARDO ORTEGA. 2017 Ricardo Ortega dedic\u00f3 su vida a mostrar a la gente lo que pasaba en el mundo. Algo tan sencillo, tan complicado y tan necesario como eso. Su meta fue siempre hacer periodismo de calidad porque en su mente no exist\u00eda otra. Su rigor estaba por encima [&hellip;]<\/p>\n","protected":false},"author":1406,"featured_media":0,"comment_status":"closed","ping_status":"open","sticky":false,"template":"","format":"standard","meta":{"_links_to":"","_links_to_target":""},"categories":[2,24],"tags":[],"_links":{"self":[{"href":"https:\/\/gradocau.umh.es\/ca\/wp-json\/wp\/v2\/posts\/2965"}],"collection":[{"href":"https:\/\/gradocau.umh.es\/ca\/wp-json\/wp\/v2\/posts"}],"about":[{"href":"https:\/\/gradocau.umh.es\/ca\/wp-json\/wp\/v2\/types\/post"}],"author":[{"embeddable":true,"href":"https:\/\/gradocau.umh.es\/ca\/wp-json\/wp\/v2\/users\/1406"}],"replies":[{"embeddable":true,"href":"https:\/\/gradocau.umh.es\/ca\/wp-json\/wp\/v2\/comments?post=2965"}],"version-history":[{"count":0,"href":"https:\/\/gradocau.umh.es\/ca\/wp-json\/wp\/v2\/posts\/2965\/revisions"}],"wp:attachment":[{"href":"https:\/\/gradocau.umh.es\/ca\/wp-json\/wp\/v2\/media?parent=2965"}],"wp:term":[{"taxonomy":"category","embeddable":true,"href":"https:\/\/gradocau.umh.es\/ca\/wp-json\/wp\/v2\/categories?post=2965"},{"taxonomy":"post_tag","embeddable":true,"href":"https:\/\/gradocau.umh.es\/ca\/wp-json\/wp\/v2\/tags?post=2965"}],"curies":[{"name":"wp","href":"https:\/\/api.w.org\/{rel}","templated":true}]}}