{"id":2929,"date":"2017-07-17T15:44:27","date_gmt":"2017-07-17T15:44:27","guid":{"rendered":"http:\/\/gradocau.umh.es\/?p=2929"},"modified":"2017-07-17T15:44:27","modified_gmt":"2017-07-17T15:44:27","slug":"seis-cortometrajes-de-estudiantes-del-grado-en-cau-se-exhiben-en-el-festival-internacional-de-cine-de-elche","status":"publish","type":"post","link":"https:\/\/gradocau.umh.es\/ca\/2017\/07\/17\/seis-cortometrajes-de-estudiantes-del-grado-en-cau-se-exhiben-en-el-festival-internacional-de-cine-de-elche\/","title":{"rendered":"Seis cortometrajes de estudiantes del Grado en CAU se exhiben en el Festival Internacional de Cine de Elche"},"content":{"rendered":"<p><a href=\"http:\/\/gradocau.umh.es\/files\/2017\/07\/testigos-2.jpg\"><img loading=\"lazy\" class=\"  wp-image-2930 alignright\" src=\"http:\/\/gradocau.umh.es\/files\/2017\/07\/testigos-2-1024x565.jpg\" alt=\"testigos 2\" width=\"386\" height=\"213\" srcset=\"https:\/\/gradocau.umh.es\/files\/2017\/07\/testigos-2-1024x565.jpg 1024w, https:\/\/gradocau.umh.es\/files\/2017\/07\/testigos-2-300x165.jpg 300w, https:\/\/gradocau.umh.es\/files\/2017\/07\/testigos-2.jpg 1685w\" sizes=\"(max-width: 386px) 100vw, 386px\" \/><\/a>Seis cortometrajes de estudiantes del Grado en CAU se exhiben en el Festival Internacional de Cine de Elche<\/p>\n<p>Esta noche se inicia la proyecci\u00f3n de los cortometrajes de los estudiantes del Grado en Comunicaci\u00f3n Audiovisual dentro de la secci\u00f3n no competitiva Mostrat del Festival Internacional de Cine Independiente de Elche. Los primeros en proyectarse hoy lunes ser\u00e1n <em>Hora de Cierre<\/em>, \u00c1ngel Beltr\u00e1n y Claudia Mohedano\u00a0y <em>Testigos<\/em>, dirigida por H\u00e9ctor Ricote. Ma\u00f1ana martes se proyectar\u00e1n <em>Consecuencias<\/em>, dirigida por \u00a0A\u00edda Dom\u00ednguez y <em>La vida de Dylan<\/em>, dirigida por Javier Puebla y Enrique Esp\u00edn. Y el mi\u00e9rcoles 19 finalizar\u00e1 con los cortometrajes <em>Follower<\/em>, dirigida por Joan Ch\u00e1puli\u00a0y <em>Fuiste t\u00fa<\/em>, dirigida por \u00a0Roberto Ortega, Pedro Dom\u00e9nech, Sergio Ortu\u00f1o, Chantal Hauck y Clara L\u00f3pez.<\/p>\n","protected":false},"excerpt":{"rendered":"<p>Seis cortometrajes de estudiantes del Grado en CAU se exhiben en el Festival Internacional de Cine de Elche Esta noche se inicia la proyecci\u00f3n de los cortometrajes de los estudiantes del Grado en Comunicaci\u00f3n Audiovisual dentro de la secci\u00f3n no competitiva Mostrat del Festival Internacional de Cine Independiente de Elche. Los primeros en proyectarse hoy [&hellip;]<\/p>\n","protected":false},"author":1406,"featured_media":0,"comment_status":"closed","ping_status":"open","sticky":false,"template":"","format":"standard","meta":{"_links_to":"","_links_to_target":""},"categories":[112,2,22],"tags":[],"_links":{"self":[{"href":"https:\/\/gradocau.umh.es\/ca\/wp-json\/wp\/v2\/posts\/2929"}],"collection":[{"href":"https:\/\/gradocau.umh.es\/ca\/wp-json\/wp\/v2\/posts"}],"about":[{"href":"https:\/\/gradocau.umh.es\/ca\/wp-json\/wp\/v2\/types\/post"}],"author":[{"embeddable":true,"href":"https:\/\/gradocau.umh.es\/ca\/wp-json\/wp\/v2\/users\/1406"}],"replies":[{"embeddable":true,"href":"https:\/\/gradocau.umh.es\/ca\/wp-json\/wp\/v2\/comments?post=2929"}],"version-history":[{"count":0,"href":"https:\/\/gradocau.umh.es\/ca\/wp-json\/wp\/v2\/posts\/2929\/revisions"}],"wp:attachment":[{"href":"https:\/\/gradocau.umh.es\/ca\/wp-json\/wp\/v2\/media?parent=2929"}],"wp:term":[{"taxonomy":"category","embeddable":true,"href":"https:\/\/gradocau.umh.es\/ca\/wp-json\/wp\/v2\/categories?post=2929"},{"taxonomy":"post_tag","embeddable":true,"href":"https:\/\/gradocau.umh.es\/ca\/wp-json\/wp\/v2\/tags?post=2929"}],"curies":[{"name":"wp","href":"https:\/\/api.w.org\/{rel}","templated":true}]}}