{"id":2801,"date":"2017-03-29T14:55:58","date_gmt":"2017-03-29T14:55:58","guid":{"rendered":"http:\/\/gradocau.umh.es\/?p=2801"},"modified":"2017-03-29T14:55:58","modified_gmt":"2017-03-29T14:55:58","slug":"i-semana-por-la-igualdad-de-genero-sexismo-y-medios-de-comunicacion","status":"publish","type":"post","link":"https:\/\/gradocau.umh.es\/ca\/2017\/03\/29\/i-semana-por-la-igualdad-de-genero-sexismo-y-medios-de-comunicacion\/","title":{"rendered":"\u201cI SEMANA POR LA IGUALDAD DE G\u00c9NERO: SEXISMO Y MEDIOS DE COMUNICACI\u00d3N\u201d"},"content":{"rendered":"<p>Lugar:\u00a0Aspe, Novelda, Monforte del Cid,\u00a0Aspe, Hond\u00f3n de las Nieves y\u00a0Novelda<br \/>\nFechas de celebraci\u00f3n:\u00a03, 4, 5, 6 y 7 de ABRIL de 2017<br \/>\nHorario:\u00a018:00h a 20:30h<\/p>\n<p>COORDINA<br \/>\nDra. Anastasia T\u00e9llez Infantes. Directora\u00a0del Grupo de Investigaci\u00f3n ECULGE y<br \/>\nprofesora titular de la Universidad Miguel Hern\u00e1ndez de Elche.<\/p>\n<p>INSCRIPCI\u00d3N<\/p>\n<p>La entrada es libre hasta completar aforo.\u00a0Quienes quieran que se les haga un\u00a0certificado de asistencia, y acudan al\u00a0menos al 75% de las jornadas, deber\u00e1n\u00a0inscribirse enviando los siguientes datos a la direcci\u00f3n de correo electr\u00f3nico\u00a0valledelaigualdad@gmail.com o\u00a0entreg\u00e1ndolos en persona el d\u00eda de la\u00a0inauguraci\u00f3n.<\/p>\n<p>&nbsp;<\/p>\n","protected":false},"excerpt":{"rendered":"<p>Lugar:\u00a0Aspe, Novelda, Monforte del Cid,\u00a0Aspe, Hond\u00f3n de las Nieves y\u00a0Novelda Fechas de celebraci\u00f3n:\u00a03, 4, 5, 6 y 7 de ABRIL de 2017 Horario:\u00a018:00h a 20:30h COORDINA Dra. Anastasia T\u00e9llez Infantes. Directora\u00a0del Grupo de Investigaci\u00f3n ECULGE y profesora titular de la Universidad Miguel Hern\u00e1ndez de Elche. INSCRIPCI\u00d3N La entrada es libre hasta completar aforo.\u00a0Quienes quieran que [&hellip;]<\/p>\n","protected":false},"author":1406,"featured_media":0,"comment_status":"closed","ping_status":"open","sticky":false,"template":"","format":"standard","meta":{"_links_to":"","_links_to_target":""},"categories":[2,94],"tags":[],"_links":{"self":[{"href":"https:\/\/gradocau.umh.es\/ca\/wp-json\/wp\/v2\/posts\/2801"}],"collection":[{"href":"https:\/\/gradocau.umh.es\/ca\/wp-json\/wp\/v2\/posts"}],"about":[{"href":"https:\/\/gradocau.umh.es\/ca\/wp-json\/wp\/v2\/types\/post"}],"author":[{"embeddable":true,"href":"https:\/\/gradocau.umh.es\/ca\/wp-json\/wp\/v2\/users\/1406"}],"replies":[{"embeddable":true,"href":"https:\/\/gradocau.umh.es\/ca\/wp-json\/wp\/v2\/comments?post=2801"}],"version-history":[{"count":0,"href":"https:\/\/gradocau.umh.es\/ca\/wp-json\/wp\/v2\/posts\/2801\/revisions"}],"wp:attachment":[{"href":"https:\/\/gradocau.umh.es\/ca\/wp-json\/wp\/v2\/media?parent=2801"}],"wp:term":[{"taxonomy":"category","embeddable":true,"href":"https:\/\/gradocau.umh.es\/ca\/wp-json\/wp\/v2\/categories?post=2801"},{"taxonomy":"post_tag","embeddable":true,"href":"https:\/\/gradocau.umh.es\/ca\/wp-json\/wp\/v2\/tags?post=2801"}],"curies":[{"name":"wp","href":"https:\/\/api.w.org\/{rel}","templated":true}]}}