{"id":2794,"date":"2017-03-29T14:45:28","date_gmt":"2017-03-29T14:45:28","guid":{"rendered":"http:\/\/gradocau.umh.es\/?p=2794"},"modified":"2017-03-29T14:45:28","modified_gmt":"2017-03-29T14:45:28","slug":"i-jornada-comunic_a-de-encuentros-entre-empresas-de-publicidad-y-alumnos-del-grado-en-comunicacion-audiovisual","status":"publish","type":"post","link":"https:\/\/gradocau.umh.es\/ca\/2017\/03\/29\/i-jornada-comunic_a-de-encuentros-entre-empresas-de-publicidad-y-alumnos-del-grado-en-comunicacion-audiovisual\/","title":{"rendered":"I Jornada COMUNIC_A de encuentros entre empresas de publicidad y alumnos del Grado en Comunicaci\u00f3n Audiovisual"},"content":{"rendered":"<p><a href=\"http:\/\/gradocau.umh.es\/files\/2017\/03\/blog-2.jpg\"><img loading=\"lazy\" class=\" size-medium wp-image-2796 alignright\" src=\"http:\/\/gradocau.umh.es\/files\/2017\/03\/blog-2-300x199.jpg\" alt=\"blog 2\" width=\"300\" height=\"199\" srcset=\"https:\/\/gradocau.umh.es\/files\/2017\/03\/blog-2-300x199.jpg 300w, https:\/\/gradocau.umh.es\/files\/2017\/03\/blog-2-1024x680.jpg 1024w, https:\/\/gradocau.umh.es\/files\/2017\/03\/blog-2.jpg 2048w\" sizes=\"(max-width: 300px) 100vw, 300px\" \/><\/a><\/p>\n<p>La Vicerrectora de Cultura y Extensi\u00f3n Universitaria, Tatiana Sentamans G\u00f3mez, inaugura la 1\u00aa Jornada COMUNIC_A, actividad enmarcada en la Plataforma del mismo nombre, que organiza el Departamento de Arte, el Grupo de Investigaci\u00f3n Massiva y la Asociaci\u00f3n de Empresas de Publicidad de la Provincia de Alicante, 361\u00ba, con la colaboraci\u00f3n del Vicerrectorado de Cultura y Extensi\u00f3n Universitaria y del Grado en Comunicaci\u00f3n Audiovisual.<\/p>\n<p>Adem\u00e1s de la Vicerrectora, participar\u00e1n en el acto el Presidente de 361\u00ba, Andr\u00e9s Karp, y los ponentes Dani Pastor de Grupo Ant\u00f3n, Jaume Ros de Casanova Comunicaci\u00f3n y Andr\u00e9s Pinate, director de marketing del Grupo Vectalia.<\/p>\n<p>La Jornada se realizar\u00e1 el d\u00eda 30 de marzo, a las 10:00 h, en el Edificio Atzavares del Campus de Elche y constar\u00e1 de tres exposiciones sobre casos concretos, acerca del trabajo audiovisual en el \u00e1mbito publicitario.<\/p>\n<p>&nbsp;<\/p>\n<p>El prop\u00f3sito de la Plataforma COMUNIC_A es poner en contacto el mundo profesional de la publicidad audiovisual con el entorno acad\u00e9mico y los y las estudiantes del Grado en Comunicaci\u00f3n Audiovisual, a trav\u00e9s de la promoci\u00f3n y desarrollo de pr\u00e1cticas acad\u00e9micas en las empresas asociadas a 361\u00ba y tambi\u00e9n mediante estas Jornadas. As\u00ed se pretende, por un lado, proporcionar una experiencia profesional a los alumnos y, por otro, crear sinergias y contactos que en el futuro pueden repercutir en colaboraciones profesionales una vez acabados los estudios.<\/p>\n<p><a href=\"http:\/\/gradocau.umh.es\/files\/2017\/03\/blog-1.jpg\"><img loading=\"lazy\" class=\" size-medium wp-image-2795 alignleft\" src=\"http:\/\/gradocau.umh.es\/files\/2017\/03\/blog-1-300x200.jpg\" alt=\"blog 1\" width=\"300\" height=\"200\" srcset=\"https:\/\/gradocau.umh.es\/files\/2017\/03\/blog-1-300x200.jpg 300w, https:\/\/gradocau.umh.es\/files\/2017\/03\/blog-1-1024x683.jpg 1024w, https:\/\/gradocau.umh.es\/files\/2017\/03\/blog-1.jpg 2048w\" sizes=\"(max-width: 300px) 100vw, 300px\" \/><\/a>Este acto es el colof\u00f3n al trabajo de varios grupos de estudiantes que han realizado pr\u00e1cticas en empresas de publicidad durante los \u00faltimos meses, dentro del Programa de Pr\u00e1cticas COMUNIC_A y cuyo resultado, en forma de piezas publicitarias, ser\u00e1 presentado al final de la propia Jornada.<\/p>\n<p>El desarrollo e implementaci\u00f3n de la Plataforma COMUNIC_A ha sido dirigido y coordinado por los profesores Mario-Paul Mart\u00ednez Fabre y Vicente Javier P\u00e9rez Valero, con el apoyo del equipo docente e investigador del \u00c1rea de Est\u00e9tica y Teor\u00eda de las Artes y del Grupo de investigaci\u00f3n Massiva del Departamento de Arte.<\/p>\n","protected":false},"excerpt":{"rendered":"<p>La Vicerrectora de Cultura y Extensi\u00f3n Universitaria, Tatiana Sentamans G\u00f3mez, inaugura la 1\u00aa Jornada COMUNIC_A, actividad enmarcada en la Plataforma del mismo nombre, que organiza el Departamento de Arte, el Grupo de Investigaci\u00f3n Massiva y la Asociaci\u00f3n de Empresas de Publicidad de la Provincia de Alicante, 361\u00ba, con la colaboraci\u00f3n del Vicerrectorado de Cultura y [&hellip;]<\/p>\n","protected":false},"author":1406,"featured_media":0,"comment_status":"closed","ping_status":"open","sticky":false,"template":"","format":"standard","meta":{"_links_to":"","_links_to_target":""},"categories":[81,1],"tags":[],"_links":{"self":[{"href":"https:\/\/gradocau.umh.es\/ca\/wp-json\/wp\/v2\/posts\/2794"}],"collection":[{"href":"https:\/\/gradocau.umh.es\/ca\/wp-json\/wp\/v2\/posts"}],"about":[{"href":"https:\/\/gradocau.umh.es\/ca\/wp-json\/wp\/v2\/types\/post"}],"author":[{"embeddable":true,"href":"https:\/\/gradocau.umh.es\/ca\/wp-json\/wp\/v2\/users\/1406"}],"replies":[{"embeddable":true,"href":"https:\/\/gradocau.umh.es\/ca\/wp-json\/wp\/v2\/comments?post=2794"}],"version-history":[{"count":0,"href":"https:\/\/gradocau.umh.es\/ca\/wp-json\/wp\/v2\/posts\/2794\/revisions"}],"wp:attachment":[{"href":"https:\/\/gradocau.umh.es\/ca\/wp-json\/wp\/v2\/media?parent=2794"}],"wp:term":[{"taxonomy":"category","embeddable":true,"href":"https:\/\/gradocau.umh.es\/ca\/wp-json\/wp\/v2\/categories?post=2794"},{"taxonomy":"post_tag","embeddable":true,"href":"https:\/\/gradocau.umh.es\/ca\/wp-json\/wp\/v2\/tags?post=2794"}],"curies":[{"name":"wp","href":"https:\/\/api.w.org\/{rel}","templated":true}]}}