{"id":2791,"date":"2017-03-28T10:37:21","date_gmt":"2017-03-28T10:37:21","guid":{"rendered":"http:\/\/gradocau.umh.es\/?p=2791"},"modified":"2017-03-28T10:39:12","modified_gmt":"2017-03-28T10:39:12","slug":"cinemateca-proyeccion-las-mil-y-una-noches-vol-3-en-vose-03042017-2030-aula-de-cultura-de-alicante","status":"publish","type":"post","link":"https:\/\/gradocau.umh.es\/ca\/2017\/03\/28\/cinemateca-proyeccion-las-mil-y-una-noches-vol-3-en-vose-03042017-2030-aula-de-cultura-de-alicante\/","title":{"rendered":"Cinemateca. Proyecci\u00f3n &#8220;Las Mil y Una Noches. Vol. 3&#8221; en VOSE. 03\/04\/2017. 20:30. Aula de Cultura de Alicante"},"content":{"rendered":"<p><strong><span style=\"font-size: 11.0pt; font-family: 'Arial','sans-serif'; color: #333333;\">Las \u00a0Mil y Una Noches. Vol. 3. El Embelesado<\/span><\/strong><span style=\"font-size: 11.0pt; font-family: 'Arial','sans-serif'; color: #333333;\">\u00a0de Miguel Gomes. Portugal. 2015. 125 min. VOSE. Apta para Todos los P\u00fablicos.<\/span><\/p>\n<p style=\"font-variant-ligatures: normal; font-variant-caps: normal; orphans: 2; text-align: start; widows: 2; -webkit-text-stroke-width: 0px; word-spacing: 0px;\"><strong><span style=\"font-size: 11.0pt; font-family: 'Arial','sans-serif'; color: #333333;\">CU\u00c1NDO:\u00a0<\/span><\/strong><span style=\"font-size: 11.0pt; font-family: 'Arial','sans-serif'; color: #333333;\">El lunes, 3 de abril de 2017. A las 20:30<br \/>\n<strong><span style=\"font-family: 'Arial','sans-serif';\">D\u00d3NDE:\u00a0<\/span><\/strong>Aula de Cultura de Alicante. Avda. Dr. Gadea, 1<br \/>\n<strong><span style=\"font-family: 'Arial','sans-serif';\">ENTRADAS:\u00a0Entrada ordinaria: 2 euros;\u00a0Abono para 10 sesiones: 10 euros<\/span><\/strong>\u00a0(puede ser usado por varias personas);\u00a0La taquilla se abrir\u00e1 media hora antes de las proyecciones<\/span><\/p>\n<p style=\"text-align: left; line-height: 150%; margin: 10px 0px; font-family: Helvetica; color: #202020; font-size: 16px; padding: 0px;\"><strong><span style=\"font-size: 11.0pt; font-family: 'Arial','sans-serif'; color: #202020;\">SINOPSIS:\u00a0<\/span><\/strong><span style=\"font-size: 11.0pt; font-family: 'Arial','sans-serif'; color: #202020;\">En Portugal, en plena crisis, un director se propone inventar historias a partir de la miserable realidad que le rodea. Pero, incapaz de encontrarle sentido a su trabajo, lo abandona y deja en su lugar a la bella Sherezade. Ella necesita grandes dosis de \u00e1nimo y coraje para no aburrir al Rey con las tristes historias del pa\u00eds. Transcurridas varias noches, la inquietud deja paso a la desolaci\u00f3n, y la desolaci\u00f3n al encantamiento. Sherezade comienza as\u00ed sus relatos: &#8220;Oh venturoso Rey, fui conocedora de que en un triste pa\u00eds&#8230;&#8221; Libre adaptaci\u00f3n de &#8216;Las mil y una noches&#8217; ambientada en el actual Portugal y dividida en tres pel\u00edculas.<\/span><\/p>\n<p style=\"font-variant-ligatures: normal; font-variant-caps: normal; orphans: 2; text-align: start; widows: 2; -webkit-text-stroke-width: 0px; word-spacing: 0px;\"><strong><span style=\"font-size: 11.0pt; font-family: 'Arial','sans-serif'; color: #333333;\">PREMIOS<\/span><\/strong><span style=\"font-size: 11.0pt; font-family: 'Arial','sans-serif'; color: #333333;\"><br \/>\n2015: Premios del Cine Europeo: Mejor sonido<br \/>\n2015: Festival de Sevilla: Giraldillo de Plata (2\u00aa mejor pel\u00edcula)<br \/>\n2015: Premios F\u00e9nix: Mejor montaje. 5 nominaciones<\/span><\/p>\n","protected":false},"excerpt":{"rendered":"<p>Las \u00a0Mil y Una Noches. Vol. 3. El Embelesado\u00a0de Miguel Gomes. Portugal. 2015. 125 min. VOSE. Apta para Todos los P\u00fablicos. CU\u00c1NDO:\u00a0El lunes, 3 de abril de 2017. A las 20:30 D\u00d3NDE:\u00a0Aula de Cultura de Alicante. Avda. Dr. Gadea, 1 ENTRADAS:\u00a0Entrada ordinaria: 2 euros;\u00a0Abono para 10 sesiones: 10 euros\u00a0(puede ser usado por varias personas);\u00a0La taquilla [&hellip;]<\/p>\n","protected":false},"author":1406,"featured_media":0,"comment_status":"closed","ping_status":"open","sticky":false,"template":"","format":"standard","meta":{"_links_to":"","_links_to_target":""},"categories":[2,89],"tags":[],"_links":{"self":[{"href":"https:\/\/gradocau.umh.es\/ca\/wp-json\/wp\/v2\/posts\/2791"}],"collection":[{"href":"https:\/\/gradocau.umh.es\/ca\/wp-json\/wp\/v2\/posts"}],"about":[{"href":"https:\/\/gradocau.umh.es\/ca\/wp-json\/wp\/v2\/types\/post"}],"author":[{"embeddable":true,"href":"https:\/\/gradocau.umh.es\/ca\/wp-json\/wp\/v2\/users\/1406"}],"replies":[{"embeddable":true,"href":"https:\/\/gradocau.umh.es\/ca\/wp-json\/wp\/v2\/comments?post=2791"}],"version-history":[{"count":0,"href":"https:\/\/gradocau.umh.es\/ca\/wp-json\/wp\/v2\/posts\/2791\/revisions"}],"wp:attachment":[{"href":"https:\/\/gradocau.umh.es\/ca\/wp-json\/wp\/v2\/media?parent=2791"}],"wp:term":[{"taxonomy":"category","embeddable":true,"href":"https:\/\/gradocau.umh.es\/ca\/wp-json\/wp\/v2\/categories?post=2791"},{"taxonomy":"post_tag","embeddable":true,"href":"https:\/\/gradocau.umh.es\/ca\/wp-json\/wp\/v2\/tags?post=2791"}],"curies":[{"name":"wp","href":"https:\/\/api.w.org\/{rel}","templated":true}]}}