{"id":2694,"date":"2017-02-21T15:42:53","date_gmt":"2017-02-21T15:42:53","guid":{"rendered":"http:\/\/gradocau.umh.es\/?p=2694"},"modified":"2017-02-21T16:45:21","modified_gmt":"2017-02-21T16:45:21","slug":"horario-de-prestamos-de-material-y-reservas-de-espacios-para-el-segundo-cuatrimestre","status":"publish","type":"post","link":"https:\/\/gradocau.umh.es\/ca\/2017\/02\/21\/horario-de-prestamos-de-material-y-reservas-de-espacios-para-el-segundo-cuatrimestre\/","title":{"rendered":"Horario de pr\u00e9stamos de material y reservas de espacios para el segundo cuatrimestre"},"content":{"rendered":"<p>Horario de pr\u00e9stamos de material y reservas de espacios del Grado en Comunicaci\u00f3n Audiovisual para el segundo cuatrimestre en este enlace:\u00a0<a href=\"http:\/\/gradocau.umh.es\/files\/2017\/02\/Horarios-Reservas-y-Espacios-Audiovisuales-CAU-16-17-2sem.pdf\" target=\"_blank\">Horarios Reservas y Espacios Audiovisuales CAU 16-17 2sem<\/a><\/p>\n","protected":false},"excerpt":{"rendered":"<p>Horario de pr\u00e9stamos de material y reservas de espacios del Grado en Comunicaci\u00f3n Audiovisual para el segundo cuatrimestre en este enlace:\u00a0Horarios Reservas y Espacios Audiovisuales CAU 16-17 2sem<\/p>\n","protected":false},"author":662,"featured_media":0,"comment_status":"closed","ping_status":"open","sticky":false,"template":"","format":"standard","meta":{"_links_to":"","_links_to_target":""},"categories":[1],"tags":[],"_links":{"self":[{"href":"https:\/\/gradocau.umh.es\/ca\/wp-json\/wp\/v2\/posts\/2694"}],"collection":[{"href":"https:\/\/gradocau.umh.es\/ca\/wp-json\/wp\/v2\/posts"}],"about":[{"href":"https:\/\/gradocau.umh.es\/ca\/wp-json\/wp\/v2\/types\/post"}],"author":[{"embeddable":true,"href":"https:\/\/gradocau.umh.es\/ca\/wp-json\/wp\/v2\/users\/662"}],"replies":[{"embeddable":true,"href":"https:\/\/gradocau.umh.es\/ca\/wp-json\/wp\/v2\/comments?post=2694"}],"version-history":[{"count":0,"href":"https:\/\/gradocau.umh.es\/ca\/wp-json\/wp\/v2\/posts\/2694\/revisions"}],"wp:attachment":[{"href":"https:\/\/gradocau.umh.es\/ca\/wp-json\/wp\/v2\/media?parent=2694"}],"wp:term":[{"taxonomy":"category","embeddable":true,"href":"https:\/\/gradocau.umh.es\/ca\/wp-json\/wp\/v2\/categories?post=2694"},{"taxonomy":"post_tag","embeddable":true,"href":"https:\/\/gradocau.umh.es\/ca\/wp-json\/wp\/v2\/tags?post=2694"}],"curies":[{"name":"wp","href":"https:\/\/api.w.org\/{rel}","templated":true}]}}