{"id":2682,"date":"2017-02-16T09:40:45","date_gmt":"2017-02-16T09:40:45","guid":{"rendered":"http:\/\/gradocau.umh.es\/?p=2682"},"modified":"2017-02-16T09:41:45","modified_gmt":"2017-02-16T09:41:45","slug":"conferencia-ramon-tamames-22-de-febrero-2017-aula-magna-altabix","status":"publish","type":"post","link":"https:\/\/gradocau.umh.es\/ca\/2017\/02\/16\/conferencia-ramon-tamames-22-de-febrero-2017-aula-magna-altabix\/","title":{"rendered":"Conferencia Ram\u00f3n Tamames: 22 de febrero 2017, Aula Magna Altabix,"},"content":{"rendered":"<p><img loading=\"lazy\" class=\" size-medium wp-image-2683 alignright\" src=\"http:\/\/gradocau.umh.es\/files\/2017\/02\/tamames-300x169.png\" alt=\"tamames\" width=\"300\" height=\"169\" srcset=\"https:\/\/gradocau.umh.es\/files\/2017\/02\/tamames-300x169.png 300w, https:\/\/gradocau.umh.es\/files\/2017\/02\/tamames.png 643w\" sizes=\"(max-width: 300px) 100vw, 300px\" \/><\/p>\n<p>El profesor Ram\u00f3n Tamames impartir\u00e1 una charla el pr\u00f3ximo mi\u00e9rcoles 22 de febrero en el Aula Magna del edificio Altabix a las 12 horas.<\/p>\n<p>Tema de la conferencia: La econom\u00eda espa\u00f1ola en el contexto europeo e internacional: recuperaci\u00f3n, incertidumbre y previsiones.<\/p>\n<p>Ram\u00f3n Tamames: es economista, catedr\u00e1tico de Estructura Econ\u00f3mica en la Univer-sidad Aut\u00f3noma de Madrid, Catedr\u00e1tico Jean Monnet por la Comunidad Europea. Premio Espasa de Ensayo, Premio Jaime I de Econom\u00eda, y Premio Nacional de Econom\u00eda y Medio Ambiente.<\/p>\n<p>&nbsp;<\/p>\n<p>&nbsp;<\/p>\n<p>&nbsp;<\/p>\n<p>&nbsp;<\/p>\n","protected":false},"excerpt":{"rendered":"<p>El profesor Ram\u00f3n Tamames impartir\u00e1 una charla el pr\u00f3ximo mi\u00e9rcoles 22 de febrero en el Aula Magna del edificio Altabix a las 12 horas. Tema de la conferencia: La econom\u00eda espa\u00f1ola en el contexto europeo e internacional: recuperaci\u00f3n, incertidumbre y previsiones. Ram\u00f3n Tamames: es economista, catedr\u00e1tico de Estructura Econ\u00f3mica en la Univer-sidad Aut\u00f3noma de Madrid, [&hellip;]<\/p>\n","protected":false},"author":1406,"featured_media":0,"comment_status":"closed","ping_status":"open","sticky":false,"template":"","format":"standard","meta":{"_links_to":"","_links_to_target":""},"categories":[2,1],"tags":[],"_links":{"self":[{"href":"https:\/\/gradocau.umh.es\/ca\/wp-json\/wp\/v2\/posts\/2682"}],"collection":[{"href":"https:\/\/gradocau.umh.es\/ca\/wp-json\/wp\/v2\/posts"}],"about":[{"href":"https:\/\/gradocau.umh.es\/ca\/wp-json\/wp\/v2\/types\/post"}],"author":[{"embeddable":true,"href":"https:\/\/gradocau.umh.es\/ca\/wp-json\/wp\/v2\/users\/1406"}],"replies":[{"embeddable":true,"href":"https:\/\/gradocau.umh.es\/ca\/wp-json\/wp\/v2\/comments?post=2682"}],"version-history":[{"count":0,"href":"https:\/\/gradocau.umh.es\/ca\/wp-json\/wp\/v2\/posts\/2682\/revisions"}],"wp:attachment":[{"href":"https:\/\/gradocau.umh.es\/ca\/wp-json\/wp\/v2\/media?parent=2682"}],"wp:term":[{"taxonomy":"category","embeddable":true,"href":"https:\/\/gradocau.umh.es\/ca\/wp-json\/wp\/v2\/categories?post=2682"},{"taxonomy":"post_tag","embeddable":true,"href":"https:\/\/gradocau.umh.es\/ca\/wp-json\/wp\/v2\/tags?post=2682"}],"curies":[{"name":"wp","href":"https:\/\/api.w.org\/{rel}","templated":true}]}}