{"id":2596,"date":"2017-01-18T15:31:54","date_gmt":"2017-01-18T15:31:54","guid":{"rendered":"http:\/\/gradocau.umh.es\/?p=2596"},"modified":"2017-01-18T15:33:42","modified_gmt":"2017-01-18T15:33:42","slug":"perlas-del-cine-europeo-theo-y-hugo-paris-0559","status":"publish","type":"post","link":"https:\/\/gradocau.umh.es\/ca\/2017\/01\/18\/perlas-del-cine-europeo-theo-y-hugo-paris-0559\/","title":{"rendered":"Perlas del Cine Europeo: &#8220;Theo y Hugo. Par\u00eds 05:59&#8221;"},"content":{"rendered":"<p style=\"text-align: justify;\"><img loading=\"lazy\" class=\" aligncenter\" src=\"http:\/\/pics.filmaffinity.com\/theo_et_hugo_dans_le_meme_bateau-267551339-mmed.jpg\" alt=\"Theo y Hugo, Par\u00eds 5:59\" width=\"199\" height=\"266\" \/><\/p>\n<p>&nbsp;<\/p>\n<p><strong>Theo y Hugo, Par\u00eds 05:59<\/strong> de Olivier Ducastel y Jacques Maineau. Francia. 2015. 97 minutos. VOSE. No recomedada para menores de 16 a\u00f1os.<\/p>\n<p><span style=\"text-decoration: underline;\"><strong>SINOPSIS: <\/strong><\/span>En un club de sexo, los cuerpos de Theo y Hugo se encuentran y se mezclan en un apasionado abrazo. M\u00e1s all\u00e1 de la furia del deseo y la emoci\u00f3n de ese primer momento, los dos j\u00f3venes, sobrios ya en las calles vac\u00edas de vida del Par\u00eds nocturno, se enfrentan a su amor en ciernes.<\/p>\n<p>CU\u00c1NDO: El lunes 23 de enero de 2017 a las 20:30<br \/>\n<strong>D\u00d3NDE: <\/strong>Aula de Cultura de Alicante. Avda. Dr. Gadea, 1<\/p>\n<p><span style=\"text-decoration: underline;\"><strong>ENTRADAS<\/strong><\/span><\/p>\n<p><strong>Entrada ordinaria: 2 euros<\/strong><\/p>\n<p><strong>Abono para 10 sesiones: 10 euros<\/strong> (puede ser usado por varias personas)<\/p>\n<p>La taquilla se abrir\u00e1 media hora antes de las proyecciones.<\/p>\n","protected":false},"excerpt":{"rendered":"<p>&nbsp; Theo y Hugo, Par\u00eds 05:59 de Olivier Ducastel y Jacques Maineau. Francia. 2015. 97 minutos. VOSE. No recomedada para menores de 16 a\u00f1os. SINOPSIS: En un club de sexo, los cuerpos de Theo y Hugo se encuentran y se mezclan en un apasionado abrazo. M\u00e1s all\u00e1 de la furia del deseo y la emoci\u00f3n [&hellip;]<\/p>\n","protected":false},"author":1406,"featured_media":0,"comment_status":"closed","ping_status":"open","sticky":false,"template":"","format":"standard","meta":{"_links_to":"","_links_to_target":""},"categories":[2],"tags":[],"_links":{"self":[{"href":"https:\/\/gradocau.umh.es\/ca\/wp-json\/wp\/v2\/posts\/2596"}],"collection":[{"href":"https:\/\/gradocau.umh.es\/ca\/wp-json\/wp\/v2\/posts"}],"about":[{"href":"https:\/\/gradocau.umh.es\/ca\/wp-json\/wp\/v2\/types\/post"}],"author":[{"embeddable":true,"href":"https:\/\/gradocau.umh.es\/ca\/wp-json\/wp\/v2\/users\/1406"}],"replies":[{"embeddable":true,"href":"https:\/\/gradocau.umh.es\/ca\/wp-json\/wp\/v2\/comments?post=2596"}],"version-history":[{"count":0,"href":"https:\/\/gradocau.umh.es\/ca\/wp-json\/wp\/v2\/posts\/2596\/revisions"}],"wp:attachment":[{"href":"https:\/\/gradocau.umh.es\/ca\/wp-json\/wp\/v2\/media?parent=2596"}],"wp:term":[{"taxonomy":"category","embeddable":true,"href":"https:\/\/gradocau.umh.es\/ca\/wp-json\/wp\/v2\/categories?post=2596"},{"taxonomy":"post_tag","embeddable":true,"href":"https:\/\/gradocau.umh.es\/ca\/wp-json\/wp\/v2\/tags?post=2596"}],"curies":[{"name":"wp","href":"https:\/\/api.w.org\/{rel}","templated":true}]}}