{"id":2539,"date":"2016-12-09T10:14:15","date_gmt":"2016-12-09T10:14:15","guid":{"rendered":"http:\/\/gradocau.umh.es\/?p=2539"},"modified":"2016-12-09T10:14:15","modified_gmt":"2016-12-09T10:14:15","slug":"seminario-el-documental-cientifico-proceso-de-creacion","status":"publish","type":"post","link":"https:\/\/gradocau.umh.es\/ca\/2016\/12\/09\/seminario-el-documental-cientifico-proceso-de-creacion\/","title":{"rendered":"Seminario: EL DOCUMENTAL CIENT\u00cdFICO: PROCESO DE CREACI\u00d3N"},"content":{"rendered":"<p><a href=\"http:\/\/gradocau.umh.es\/files\/2016\/12\/Cartel-documental-cientifico.jpg\"><img loading=\"lazy\" class=\"  wp-image-2540 aligncenter\" src=\"http:\/\/gradocau.umh.es\/files\/2016\/12\/Cartel-documental-cientifico-212x300.jpg\" alt=\"\" width=\"237\" height=\"335\" srcset=\"https:\/\/gradocau.umh.es\/files\/2016\/12\/Cartel-documental-cientifico-212x300.jpg 212w, https:\/\/gradocau.umh.es\/files\/2016\/12\/Cartel-documental-cientifico-724x1024.jpg 724w\" sizes=\"(max-width: 237px) 100vw, 237px\" \/><\/a><\/p>\n<p style=\"text-align: center;\">El mi\u00e9rcoles 14 de diciembre, de 16:00 a 17:30, en la Sala Plat\u00f3,\u00a0se celebrar\u00e1 el\u00a0seminario\u00a0 titulado: &#8220;EL DOCUMENTAL CIENT\u00cdFICO: PROCESO DE CREACI\u00d3N&#8221;, a cargo de Genilton Vieira, jefe de producci\u00f3n audiovisual en FIOCRUZ (Ministerio de Salud, Brasil) y director de documentales.<br \/>\nLa actividad est\u00e1 coordinada junto a Fernando Bornay, profesor del \u00e1rea de Parasitolog\u00eda y director del \u00e1rea de Cooperaci\u00f3n.<\/p>\n","protected":false},"excerpt":{"rendered":"<p>El mi\u00e9rcoles 14 de diciembre, de 16:00 a 17:30, en la Sala Plat\u00f3,\u00a0se celebrar\u00e1 el\u00a0seminario\u00a0 titulado: &#8220;EL DOCUMENTAL CIENT\u00cdFICO: PROCESO DE CREACI\u00d3N&#8221;, a cargo de Genilton Vieira, jefe de producci\u00f3n audiovisual en FIOCRUZ (Ministerio de Salud, Brasil) y director de documentales. La actividad est\u00e1 coordinada junto a Fernando Bornay, profesor del \u00e1rea de Parasitolog\u00eda y [&hellip;]<\/p>\n","protected":false},"author":1406,"featured_media":0,"comment_status":"closed","ping_status":"open","sticky":false,"template":"","format":"standard","meta":{"_links_to":"","_links_to_target":""},"categories":[1],"tags":[],"_links":{"self":[{"href":"https:\/\/gradocau.umh.es\/ca\/wp-json\/wp\/v2\/posts\/2539"}],"collection":[{"href":"https:\/\/gradocau.umh.es\/ca\/wp-json\/wp\/v2\/posts"}],"about":[{"href":"https:\/\/gradocau.umh.es\/ca\/wp-json\/wp\/v2\/types\/post"}],"author":[{"embeddable":true,"href":"https:\/\/gradocau.umh.es\/ca\/wp-json\/wp\/v2\/users\/1406"}],"replies":[{"embeddable":true,"href":"https:\/\/gradocau.umh.es\/ca\/wp-json\/wp\/v2\/comments?post=2539"}],"version-history":[{"count":0,"href":"https:\/\/gradocau.umh.es\/ca\/wp-json\/wp\/v2\/posts\/2539\/revisions"}],"wp:attachment":[{"href":"https:\/\/gradocau.umh.es\/ca\/wp-json\/wp\/v2\/media?parent=2539"}],"wp:term":[{"taxonomy":"category","embeddable":true,"href":"https:\/\/gradocau.umh.es\/ca\/wp-json\/wp\/v2\/categories?post=2539"},{"taxonomy":"post_tag","embeddable":true,"href":"https:\/\/gradocau.umh.es\/ca\/wp-json\/wp\/v2\/tags?post=2539"}],"curies":[{"name":"wp","href":"https:\/\/api.w.org\/{rel}","templated":true}]}}