{"id":2447,"date":"2016-10-25T11:53:07","date_gmt":"2016-10-25T11:53:07","guid":{"rendered":"http:\/\/gradocau.umh.es\/?p=2447"},"modified":"2016-10-25T11:53:23","modified_gmt":"2016-10-25T11:53:23","slug":"ii-concurso-de-microrrelatos-y-tuits-contra-la-violencia-machista","status":"publish","type":"post","link":"https:\/\/gradocau.umh.es\/ca\/2016\/10\/25\/ii-concurso-de-microrrelatos-y-tuits-contra-la-violencia-machista\/","title":{"rendered":"II concurso de microrrelatos y tuits contra la violencia machista"},"content":{"rendered":"<p>La Unidad de Igualdad de la Universidad Miguel Hern\u00e1ndez (UMH) de Elche, en colaboraci\u00f3n con el Vicerrectorado de Cultura y Extensi\u00f3n Universitaria de la UMH, ha convocado la segunda edici\u00f3n del concurso \u201cMicrorrelatos y tuits contra la violencia machista\u201d.<\/p>\n<p><strong>El fallo del jurado se har\u00e1 p\u00fablico el 24 de noviembre<\/strong>, con motivo del D\u00eda Internacional para la Eliminaci\u00f3n de la Violencia contra las Mujeres, que se celebra el 25 de noviembre. El concurso est\u00e1 dirigido a toda la comunidad universitaria y el plazo de presentaci\u00f3n de trabajos finalizar\u00e1 a las 15:00 horas del 11 de noviembre.<a href=\"http:\/\/comunicacion.umh.es\/files\/2016\/10\/25-10-16-concurso-microrrelatos-y-tuits-violencia-machista.jpg\"><br \/>\n<\/a><\/p>\n<p>El objetivo de este concurso es concienciar y sensibilizar a la comunidad universitaria, as\u00ed como a la sociedad en general.<\/p>\n<p>Existen dos modalidades de participaci\u00f3n: \u201cMicrorrelatos contra la violencia machista\u201d, que consiste en relatos originales, escritos en castellano o valenciano, cuyo tema versar\u00e1 sobre la violencia machista. Los trabajos deber\u00e1n incluir un m\u00e1ximo de 100 palabras (t\u00edtulo no incluido). La otra modalidad es la de \u201cTuits contra la violencia machista\u201d, que consistir\u00e1 en el env\u00edo de mensajes, lemas o expresiones, escritos en castellano o valenciano, relacionados con la violencia machista. Los\u00a0<em>tuits<\/em>\u00a0deber\u00e1n enviarse con el\u00a0<em>hashtag<\/em>\u00a0#UMH25N y con una\u00a0 menci\u00f3n a @UniversidadMH y a @UMH_igualdad. El premio de ambas modalidades consiste en una\u00a0<em>tablet<\/em>.<\/p>\n<p><a href=\"http:\/\/gradocau.umh.es\/files\/2016\/10\/concurso-microrrelatos-y-tuits-violencia-machista-768x920.jpg\"><img loading=\"lazy\" class=\"alignnone wp-image-2448\" src=\"http:\/\/gradocau.umh.es\/files\/2016\/10\/concurso-microrrelatos-y-tuits-violencia-machista-768x920.jpg\" alt=\"concurso-microrrelatos-y-tuits-violencia-machista-768x920\" width=\"600\" height=\"719\" srcset=\"https:\/\/gradocau.umh.es\/files\/2016\/10\/concurso-microrrelatos-y-tuits-violencia-machista-768x920.jpg 768w, https:\/\/gradocau.umh.es\/files\/2016\/10\/concurso-microrrelatos-y-tuits-violencia-machista-768x920-250x300.jpg 250w\" sizes=\"(max-width: 600px) 100vw, 600px\" \/><\/a><\/p>\n<p>El jurado est\u00e1 compuesto por el vicerrector de Planificaci\u00f3n de la UMH, Fernando Borr\u00e1s Rocher, la directora de la Unidad de Igualdad de la Universidad, Mar\u00eda Jos\u00e9 Alarc\u00f3n Garc\u00eda, el director del Servicio de Comunicaci\u00f3n de la UMH, Jos\u00e9 Juan L\u00f3pez Esp\u00edn, la gestora de la Oficina de Cultura, Extensi\u00f3n Universitaria y Promoci\u00f3n Ling\u00fc\u00edstica de la UMH Matilde Ba\u00f1o Caballero y la representante de estudiantes B\u00e1rbara Espinosa S\u00e1ez.<\/p>\n<p>M\u00e1s informaci\u00f3n en el enlace\u00a0 <a href=\"http:\/\/igualdad.umh.es\/\">http:\/\/igualdad.umh.es<\/a>.<\/p>\n","protected":false},"excerpt":{"rendered":"<p>La Unidad de Igualdad de la Universidad Miguel Hern\u00e1ndez (UMH) de Elche, en colaboraci\u00f3n con el Vicerrectorado de Cultura y Extensi\u00f3n Universitaria de la UMH, ha convocado la segunda edici\u00f3n del concurso \u201cMicrorrelatos y tuits contra la violencia machista\u201d. El fallo del jurado se har\u00e1 p\u00fablico el 24 de noviembre, con motivo del D\u00eda Internacional [&hellip;]<\/p>\n","protected":false},"author":790,"featured_media":0,"comment_status":"closed","ping_status":"open","sticky":false,"template":"","format":"standard","meta":{"_links_to":"","_links_to_target":""},"categories":[2,24],"tags":[203,204],"_links":{"self":[{"href":"https:\/\/gradocau.umh.es\/ca\/wp-json\/wp\/v2\/posts\/2447"}],"collection":[{"href":"https:\/\/gradocau.umh.es\/ca\/wp-json\/wp\/v2\/posts"}],"about":[{"href":"https:\/\/gradocau.umh.es\/ca\/wp-json\/wp\/v2\/types\/post"}],"author":[{"embeddable":true,"href":"https:\/\/gradocau.umh.es\/ca\/wp-json\/wp\/v2\/users\/790"}],"replies":[{"embeddable":true,"href":"https:\/\/gradocau.umh.es\/ca\/wp-json\/wp\/v2\/comments?post=2447"}],"version-history":[{"count":0,"href":"https:\/\/gradocau.umh.es\/ca\/wp-json\/wp\/v2\/posts\/2447\/revisions"}],"wp:attachment":[{"href":"https:\/\/gradocau.umh.es\/ca\/wp-json\/wp\/v2\/media?parent=2447"}],"wp:term":[{"taxonomy":"category","embeddable":true,"href":"https:\/\/gradocau.umh.es\/ca\/wp-json\/wp\/v2\/categories?post=2447"},{"taxonomy":"post_tag","embeddable":true,"href":"https:\/\/gradocau.umh.es\/ca\/wp-json\/wp\/v2\/tags?post=2447"}],"curies":[{"name":"wp","href":"https:\/\/api.w.org\/{rel}","templated":true}]}}