{"id":2349,"date":"2016-10-19T18:22:07","date_gmt":"2016-10-19T18:22:07","guid":{"rendered":"http:\/\/gradocau.umh.es\/?p=2349"},"modified":"2016-10-21T15:20:16","modified_gmt":"2016-10-21T15:20:16","slug":"finaliza-la-primera-jornada-del-cicap-2016-con-el-networking-meeting","status":"publish","type":"post","link":"https:\/\/gradocau.umh.es\/ca\/2016\/10\/19\/finaliza-la-primera-jornada-del-cicap-2016-con-el-networking-meeting\/","title":{"rendered":"Finaliza la primera jornada del CICAP 2016 con el Networking Meeting"},"content":{"rendered":"<p>Esta cuarta edici\u00f3n del Congreso Internacional de Comunicaci\u00f3n Audiovisual y Publicidad se abre con una novedad en la programaci\u00f3n, que recibe el nombre Networking Meeting o &#8220;cita a ciegas&#8221;, en la que los alumnos se han inscrito en unas listas para someterse a &#8220;speed dates&#8221; o citas r\u00e1pidas. Estos, podr\u00e1n preguntar a los ponentes sus dudas o cuestiones personales en una duraci\u00f3n de tiempo de 7 minutos con cada uno de ellos.<\/p>\n<p>&nbsp;<\/p>\n<p><img loading=\"lazy\" class=\"alignleft wp-image-2352 \" src=\"http:\/\/gradocau.umh.es\/files\/2016\/10\/IMG_9055-1024x683.jpg\" alt=\"img_9055\" width=\"599\" height=\"399\" srcset=\"https:\/\/gradocau.umh.es\/files\/2016\/10\/IMG_9055-1024x683.jpg 1024w, https:\/\/gradocau.umh.es\/files\/2016\/10\/IMG_9055-300x200.jpg 300w\" sizes=\"(max-width: 599px) 100vw, 599px\" \/><\/p>\n<p>&nbsp;<\/p>\n<p>&nbsp;<\/p>\n<p>&nbsp;<\/p>\n<p>&nbsp;<\/p>\n<p>&nbsp;<\/p>\n<p>&nbsp;<\/p>\n<p>&nbsp;<\/p>\n<p>&nbsp;<\/p>\n<p>&nbsp;<\/p>\n<p>&nbsp;<\/p>\n<p><a href=\"http:\/\/gradocau.umh.es\/files\/2016\/10\/IMG_9041.jpg\"><img loading=\"lazy\" class=\"alignnone wp-image-2351 \" src=\"http:\/\/gradocau.umh.es\/files\/2016\/10\/IMG_9041.jpg\" alt=\"img_9041\" width=\"605\" height=\"377\" srcset=\"https:\/\/gradocau.umh.es\/files\/2016\/10\/IMG_9041.jpg 4269w, https:\/\/gradocau.umh.es\/files\/2016\/10\/IMG_9041-300x187.jpg 300w, https:\/\/gradocau.umh.es\/files\/2016\/10\/IMG_9041-1024x638.jpg 1024w\" sizes=\"(max-width: 605px) 100vw, 605px\" \/><\/a><\/p>\n","protected":false},"excerpt":{"rendered":"<p>Esta cuarta edici\u00f3n del Congreso Internacional de Comunicaci\u00f3n Audiovisual y Publicidad se abre con una novedad en la programaci\u00f3n, que recibe el nombre Networking Meeting o &#8220;cita a ciegas&#8221;, en la que los alumnos se han inscrito en unas listas para someterse a &#8220;speed dates&#8221; o citas r\u00e1pidas. Estos, podr\u00e1n preguntar a los ponentes sus [&hellip;]<\/p>\n","protected":false},"author":8282,"featured_media":0,"comment_status":"closed","ping_status":"open","sticky":false,"template":"","format":"standard","meta":{"_links_to":"","_links_to_target":""},"categories":[112],"tags":[201],"_links":{"self":[{"href":"https:\/\/gradocau.umh.es\/ca\/wp-json\/wp\/v2\/posts\/2349"}],"collection":[{"href":"https:\/\/gradocau.umh.es\/ca\/wp-json\/wp\/v2\/posts"}],"about":[{"href":"https:\/\/gradocau.umh.es\/ca\/wp-json\/wp\/v2\/types\/post"}],"author":[{"embeddable":true,"href":"https:\/\/gradocau.umh.es\/ca\/wp-json\/wp\/v2\/users\/8282"}],"replies":[{"embeddable":true,"href":"https:\/\/gradocau.umh.es\/ca\/wp-json\/wp\/v2\/comments?post=2349"}],"version-history":[{"count":0,"href":"https:\/\/gradocau.umh.es\/ca\/wp-json\/wp\/v2\/posts\/2349\/revisions"}],"wp:attachment":[{"href":"https:\/\/gradocau.umh.es\/ca\/wp-json\/wp\/v2\/media?parent=2349"}],"wp:term":[{"taxonomy":"category","embeddable":true,"href":"https:\/\/gradocau.umh.es\/ca\/wp-json\/wp\/v2\/categories?post=2349"},{"taxonomy":"post_tag","embeddable":true,"href":"https:\/\/gradocau.umh.es\/ca\/wp-json\/wp\/v2\/tags?post=2349"}],"curies":[{"name":"wp","href":"https:\/\/api.w.org\/{rel}","templated":true}]}}