{"id":2292,"date":"2016-10-13T14:56:23","date_gmt":"2016-10-13T14:56:23","guid":{"rendered":"http:\/\/gradocau.umh.es\/?p=2292"},"modified":"2016-10-13T15:00:38","modified_gmt":"2016-10-13T15:00:38","slug":"proximas-jornadas-del-observatorio-ocupacional-para-estudiantes-umh","status":"publish","type":"post","link":"https:\/\/gradocau.umh.es\/ca\/2016\/10\/13\/proximas-jornadas-del-observatorio-ocupacional-para-estudiantes-umh\/","title":{"rendered":"Pr\u00f3ximas Jornadas del Observatorio Ocupacional para estudiantes  UMH"},"content":{"rendered":"<p>Jornadas que el Observatorio Ocupacional ha programado para los <strong>estudiantes de la UMH<\/strong>.<\/p>\n<p><a href=\"https:\/\/ewlumh.umh.es\/pls\/obsweb\/p_peu_actividades.jornadas?pmenu=I\" target=\"_blank\">https:\/\/ewlumh.umh.es\/pls\/obsweb\/p_peu_actividades.jornadas?pmenu=I<\/a><\/p>\n<p>Podr\u00e1s inscribirte a la jornada que quieras pinchando sobre el enlace habilitado para ello, o contactando con el Observatorio Ocupacional.<\/p>\n<table border=\"1\" width=\"95%\" cellspacing=\"1\" cellpadding=\"4\">\n<tbody>\n<tr>\n<td colspan=\"4\" align=\"center\" bgcolor=\"#3300ff\"><center>P<span style=\"color: #ffffff;\">R\u00c1CTICAS EN EL EXTRANJERO PARA ESTUDIANTES Y TITULADOS UMH &#8211; ELCHE (JUEVES 20 OCT. 2016)<\/span><\/center><\/td>\n<\/tr>\n<tr>\n<td align=\"center\" bgcolor=\"#99dfff\" width=\"25%\"><center>Campus<\/center><\/td>\n<td align=\"center\" bgcolor=\"#99dfff\" width=\"25%\"><center>Fecha<\/center><\/td>\n<td align=\"center\" bgcolor=\"#99dfff\" width=\"25%\"><center>Edificio<\/center><\/td>\n<td align=\"center\" bgcolor=\"#99dfff\" width=\"25%\"><center>Aula<\/center><\/td>\n<\/tr>\n<tr>\n<td align=\"center\" bgcolor=\"#ffffff\"><center>ELCHE<\/center><\/td>\n<td align=\"center\" bgcolor=\"#ffffff\"><center>JUEVES 20 OCTUBRE<\/center><\/td>\n<td align=\"center\" bgcolor=\"#ffffff\"><center>LA GALIA<\/center><\/td>\n<td align=\"center\" bgcolor=\"#ffffff\"><center>OBSERVATORIO<\/center><\/td>\n<\/tr>\n<tr>\n<td align=\"center\" bgcolor=\"#99dfff\" width=\"25%\"><center>Horario<\/center><\/td>\n<td colspan=\"3\" bgcolor=\"#ffffff\"><span style=\"font-size: small;\">13H-15H<\/span><\/td>\n<\/tr>\n<tr>\n<td align=\"center\" bgcolor=\"#99dfff\" width=\"25%\"><center>Inscripci\u00f3n<\/center><\/td>\n<td colspan=\"3\" bgcolor=\"#ffffff\"><span style=\"font-size: small;\">WEB<\/span><\/td>\n<\/tr>\n<tr>\n<td align=\"center\" bgcolor=\"#99dfff\" width=\"25%\"><center>Presentaci\u00f3n<\/center><\/td>\n<td colspan=\"3\" bgcolor=\"#ffffff\"><span style=\"font-size: small;\">PROGRAMA DE PR\u00c1CTICAS EN EL EXTRANJERO: HABLAREMOS DE CONSEGUIR BECAS IAESTE, ETC. PARA ESTUDIANTES Y TITULADOS. PR\u00c1CTICAS REMUNERADAS, PARA REALIZAR PR\u00c1CTICAS EN EUROPA. AC\u00c9RCATE Y TE INFORMAREMOS<\/span><\/td>\n<\/tr>\n<tr>\n<td align=\"center\" bgcolor=\"#99dfff\" width=\"25%\"><center>Ponentes<\/center><\/td>\n<td colspan=\"3\" bgcolor=\"#ffffff\"><span style=\"font-size: small;\">OBSERVATORIO OCUPACIONAL. Por favor antes de la jornada visita la web de internacional www.umh.es\/observatorio &#8211;&gt; pr\u00e1cticas y trabajo en el extranjero.<\/span><\/td>\n<\/tr>\n<tr>\n<td colspan=\"4\" align=\"center\" bgcolor=\"#ffffff\"><center>Para la inscripci\u00f3n en esta jornada,pulsa en el enlace <a>Inscribir<\/a> o contacta con el Observatorio Ocupacional<\/center><\/td>\n<\/tr>\n<\/tbody>\n<\/table>\n<p>&nbsp;<\/p>\n<table border=\"1\" width=\"95%\" cellspacing=\"1\" cellpadding=\"4\">\n<tbody>\n<tr>\n<td colspan=\"4\" align=\"center\" bgcolor=\"#3300ff\"><center><span style=\"color: #ffffff;\">TALLER DE LLAMADAS TELEF\u00d3NICAS A EMPRESAS (VIERNES 14 OCTUBRE 2016 &#8211; ELCHE)<\/span><\/center><\/td>\n<\/tr>\n<tr>\n<td align=\"center\" bgcolor=\"#99dfff\" width=\"25%\"><center>Campus<\/center><\/td>\n<td align=\"center\" bgcolor=\"#99dfff\" width=\"25%\"><center>Fecha<\/center><\/td>\n<td align=\"center\" bgcolor=\"#99dfff\" width=\"25%\"><center>Edificio<\/center><\/td>\n<td align=\"center\" bgcolor=\"#99dfff\" width=\"25%\"><center>Aula<\/center><\/td>\n<\/tr>\n<tr>\n<td align=\"center\" bgcolor=\"#ffffff\"><center>ELCHE<\/center><\/td>\n<td align=\"center\" bgcolor=\"#ffffff\"><center>VIERNES 14 OCTUBRE<\/center><\/td>\n<td align=\"center\" bgcolor=\"#ffffff\"><center>RECTORADO<\/center><\/td>\n<td align=\"center\" bgcolor=\"#ffffff\"><center>OBSERVATORIO<\/center><\/td>\n<\/tr>\n<tr>\n<td align=\"center\" bgcolor=\"#99dfff\" width=\"25%\"><center>Horario<\/center><\/td>\n<td colspan=\"3\" bgcolor=\"#ffffff\"><span style=\"font-size: small;\">9H A 11H<\/span><\/td>\n<\/tr>\n<tr>\n<td align=\"center\" bgcolor=\"#99dfff\" width=\"25%\"><center>Inscripci\u00f3n<\/center><\/td>\n<td colspan=\"3\" bgcolor=\"#ffffff\"><span style=\"font-size: small;\">WEB<\/span><\/td>\n<\/tr>\n<tr>\n<td align=\"center\" bgcolor=\"#99dfff\" width=\"25%\"><center>Presentaci\u00f3n<\/center><\/td>\n<td colspan=\"3\" bgcolor=\"#ffffff\"><span style=\"font-size: small;\">LLAMA A UNA EMPRESA PARA BUSCAR EMPLEO\/PR\u00c1CTICAS APRENDE QU\u00c9 DECIR CUANDO LLAMAS A UNA EMPRESA PARA BUSCAR EMPLEO\/PR\u00c1CTICAS<\/span><\/td>\n<\/tr>\n<tr>\n<td align=\"center\" bgcolor=\"#99dfff\" width=\"25%\"><center>Ponentes<\/center><\/td>\n<td colspan=\"3\" bgcolor=\"#ffffff\"><span style=\"font-size: small;\">Observatorio Ocupacional<\/span><\/td>\n<\/tr>\n<tr>\n<td colspan=\"4\" align=\"center\" bgcolor=\"#ffffff\"><center>Para la inscripci\u00f3n en esta jornada,pulsa en el enlace <a>Inscribir<\/a> o contacta con el Observatorio Ocupacional<\/center><\/td>\n<\/tr>\n<\/tbody>\n<\/table>\n<p>&nbsp;<\/p>\n<table border=\"1\" width=\"95%\" cellspacing=\"1\" cellpadding=\"4\">\n<tbody>\n<tr>\n<td colspan=\"4\" align=\"center\" bgcolor=\"#3300ff\"><center><span style=\"color: #ffffff;\">PROGRAMA MENTORING \u00a1INSCRIBETE YA! TALLER &#8211; MARTES 19 Y 26 OCTUBRE 2016 (ELCHE)<\/span><\/center><\/td>\n<\/tr>\n<tr>\n<td align=\"center\" bgcolor=\"#99dfff\" width=\"25%\"><center>Campus<\/center><\/td>\n<td align=\"center\" bgcolor=\"#99dfff\" width=\"25%\"><center>Fecha<\/center><\/td>\n<td align=\"center\" bgcolor=\"#99dfff\" width=\"25%\"><center>Edificio<\/center><\/td>\n<td align=\"center\" bgcolor=\"#99dfff\" width=\"25%\"><center>Aula<\/center><\/td>\n<\/tr>\n<tr>\n<td align=\"center\" bgcolor=\"#ffffff\"><center>RECTORADO<\/center><\/td>\n<td align=\"center\" bgcolor=\"#ffffff\"><center>MIERCOLES 19 Y 26 OCTUBRE<\/center><\/td>\n<td align=\"center\" bgcolor=\"#ffffff\"><center>LA GALIA<\/center><\/td>\n<td align=\"center\" bgcolor=\"#ffffff\"><center>OBSERVATORIO<\/center><\/td>\n<\/tr>\n<tr>\n<td align=\"center\" bgcolor=\"#99dfff\" width=\"25%\"><center>Horario<\/center><\/td>\n<td colspan=\"3\" bgcolor=\"#ffffff\"><span style=\"font-size: small;\">13H A 15H<\/span><\/td>\n<\/tr>\n<tr>\n<td align=\"center\" bgcolor=\"#99dfff\" width=\"25%\"><center>Inscripci\u00f3n<\/center><\/td>\n<td colspan=\"3\" bgcolor=\"#ffffff\"><span style=\"font-size: small;\">WEB<\/span><\/td>\n<\/tr>\n<tr>\n<td align=\"center\" bgcolor=\"#99dfff\" width=\"25%\"><center>Presentaci\u00f3n<\/center><\/td>\n<td colspan=\"3\" bgcolor=\"#ffffff\"><span style=\"font-size: small;\">Te ense\u00f1aremos a proponer y buscar un mentor y si no lo encuentras te lo asignamos la siguiente semana.<\/span><\/td>\n<\/tr>\n<tr>\n<td align=\"center\" bgcolor=\"#99dfff\" width=\"25%\"><center>Ponentes<\/center><\/td>\n<td colspan=\"3\" bgcolor=\"#ffffff\"><span style=\"font-size: small;\">Observatorio Ocupacional<\/span><\/td>\n<\/tr>\n<tr>\n<td colspan=\"4\" align=\"center\" bgcolor=\"#ffffff\"><center>Para la inscripci\u00f3n en esta jornada,pulsa en el enlace <a>Inscribir<\/a> o contacta con el Observatorio Ocupacional<\/center><\/td>\n<\/tr>\n<\/tbody>\n<\/table>\n<p>&nbsp;<\/p>\n<table border=\"1\" width=\"95%\" cellspacing=\"1\" cellpadding=\"4\">\n<tbody>\n<tr>\n<td colspan=\"4\" align=\"center\" bgcolor=\"#3300ff\"><center><span style=\"color: #ffffff;\">TALLER EMPLEABILIDAD 2.0. &#8211; MARTES 18 y 25 OCT. (ELCHE &#8211; TARDE). M\u00ednimo 10 inscritos<\/span><\/center><\/td>\n<\/tr>\n<tr>\n<td align=\"center\" bgcolor=\"#99dfff\" width=\"25%\"><center>Campus<\/center><\/td>\n<td align=\"center\" bgcolor=\"#99dfff\" width=\"25%\"><center>Fecha<\/center><\/td>\n<td align=\"center\" bgcolor=\"#99dfff\" width=\"25%\"><center>Edificio<\/center><\/td>\n<td align=\"center\" bgcolor=\"#99dfff\" width=\"25%\"><center>Aula<\/center><\/td>\n<\/tr>\n<tr>\n<td align=\"center\" bgcolor=\"#ffffff\"><center>ELCHE<\/center><\/td>\n<td align=\"center\" bgcolor=\"#ffffff\"><center>MARTES 18 Y 25 OCTUBRE<\/center><\/td>\n<td align=\"center\" bgcolor=\"#ffffff\"><center>RECTORADO<\/center><\/td>\n<td align=\"center\" bgcolor=\"#ffffff\"><center>SALA DE FORMACI\u00d3N-PLANTA BAJA<\/center><\/td>\n<\/tr>\n<tr>\n<td align=\"center\" bgcolor=\"#99dfff\" width=\"25%\"><center>Horario<\/center><\/td>\n<td colspan=\"3\" bgcolor=\"#ffffff\"><span style=\"font-size: small;\">16H A 20H<\/span><\/td>\n<\/tr>\n<tr>\n<td align=\"center\" bgcolor=\"#99dfff\" width=\"25%\"><center>Inscripci\u00f3n<\/center><\/td>\n<td colspan=\"3\" bgcolor=\"#ffffff\"><span style=\"font-size: small;\">WEB<\/span><\/td>\n<\/tr>\n<tr>\n<td align=\"center\" bgcolor=\"#99dfff\" width=\"25%\"><center>Presentaci\u00f3n<\/center><\/td>\n<td colspan=\"3\" bgcolor=\"#ffffff\"><span style=\"font-size: small;\">Haz un buen CURR\u00cdCULUM Y CARTA DE PRESENTACI\u00d3N. Busca las MEJORES EMPRESAS PARA EMPLEO\/ PR\u00c1CTICAS\/ Consigue hacer contactos profesionales. NETWORKING. OBSERVACIONES:Si tienes tu CV y\/o carta ya, traelo en PDF y lo revisamos en el taller.<\/span><\/td>\n<\/tr>\n<tr>\n<td align=\"center\" bgcolor=\"#99dfff\" width=\"25%\"><center>Ponentes<\/center><\/td>\n<td colspan=\"3\" bgcolor=\"#ffffff\"><span style=\"font-size: small;\">Observatorio Ocupacional si tienes alguna duda: observatorio@umh.es<\/span><\/td>\n<\/tr>\n<tr>\n<td colspan=\"4\" align=\"center\" bgcolor=\"#ffffff\"><center>Para la inscripci\u00f3n en esta jornada,pulsa en el enlace <a>Inscribir<\/a> o contacta con el Observatorio Ocupacional<\/center><\/td>\n<\/tr>\n<\/tbody>\n<\/table>\n<p>&nbsp;<\/p>\n<table border=\"1\" width=\"95%\" cellspacing=\"1\" cellpadding=\"4\">\n<tbody>\n<tr>\n<td colspan=\"4\" align=\"center\" bgcolor=\"#3300ff\"><center><span style=\"color: #ffffff;\">TALLER DE EMPLEABILIDAD EN CUALQUIER CAMPUS. BUSCA UN GRUPO DE 15 PERSONAS Y LO CREAMOS<\/span><\/center><\/td>\n<\/tr>\n<tr>\n<td align=\"center\" bgcolor=\"#99dfff\" width=\"25%\"><center>Campus<\/center><\/td>\n<td align=\"center\" bgcolor=\"#99dfff\" width=\"25%\"><center>Fecha<\/center><\/td>\n<td align=\"center\" bgcolor=\"#99dfff\" width=\"25%\"><center>Edificio<\/center><\/td>\n<td align=\"center\" bgcolor=\"#99dfff\" width=\"25%\"><center>Aula<\/center><\/td>\n<\/tr>\n<tr>\n<td align=\"center\" bgcolor=\"#ffffff\"><center>EL QUE ELIJAS<\/center><\/td>\n<td align=\"center\" bgcolor=\"#ffffff\"><center>PERIODO Y FECHAS 2 D\u00cdAS DE 4 HORAS AL DIA HORARIO DE MA\u00d1ANA O TARDE<\/center><\/td>\n<td align=\"center\" bgcolor=\"#ffffff\"><center>;<\/center><\/td>\n<td align=\"center\" bgcolor=\"#ffffff\"><center>;<\/center><\/td>\n<\/tr>\n<tr>\n<td align=\"center\" bgcolor=\"#99dfff\" width=\"25%\"><center>Horario<\/center><\/td>\n<td colspan=\"3\" bgcolor=\"#ffffff\"><span style=\"font-size: small;\">;<\/span><\/td>\n<\/tr>\n<tr>\n<td align=\"center\" bgcolor=\"#99dfff\" width=\"25%\"><center>Inscripci\u00f3n<\/center><\/td>\n<td colspan=\"3\" bgcolor=\"#ffffff\"><span style=\"font-size: small;\">ENVIAR UN MAIL UNA DE LAS PERSONAS CON LA LISTA DE LOS 10 INTERESADOS Y UNA PROPUESTA DE FECHAS Y HORARIOS A D.LOPEZ@UMH.ES<\/span><\/td>\n<\/tr>\n<tr>\n<td align=\"center\" bgcolor=\"#99dfff\" width=\"25%\"><center>Presentaci\u00f3n<\/center><\/td>\n<td colspan=\"3\" bgcolor=\"#ffffff\"><span style=\"font-size: small;\">Haz un buen CURR\u00cdCULUM Y CARTA DE PRESENTACI\u00d3N. Busca las MEJORES EMPRESAS PARA EMPLEO\/ PR\u00c1CTICAS\/ Consigue hacer contactos profesionales. NETWORKING. Env\u00eda un mail a d.lopez@umh.es cuando tengas el grupo. OBSERVACIONES:Si tienes tu CV y\/o carta ya, traelo en PDF y lo revisamos en el taller.<\/span><\/td>\n<\/tr>\n<tr>\n<td align=\"center\" bgcolor=\"#99dfff\" width=\"25%\"><center>Ponentes<\/center><\/td>\n<td colspan=\"3\" bgcolor=\"#ffffff\"><span style=\"font-size: small;\">Si quieres que vayamos a tu campus para hablar de pr\u00e1cticas nacionales o internacionales, crea un grupo de al menos 15 compa\u00f1eros UMH de cualquier titulaci\u00f3n e iremos a tu campus. Env\u00eda un mail a d.lopez@umh.es cuando tengas el grupo.<\/span><\/td>\n<\/tr>\n<tr>\n<td colspan=\"4\" align=\"center\" bgcolor=\"#ffffff\"><center>Para la inscripci\u00f3n en esta jornada,pulsa en el enlace <a>Inscribir<\/a> o contacta con el Observatorio Ocupacional<\/center><\/td>\n<\/tr>\n<\/tbody>\n<\/table>\n","protected":false},"excerpt":{"rendered":"<p>Jornadas que el Observatorio Ocupacional ha programado para los estudiantes de la UMH. https:\/\/ewlumh.umh.es\/pls\/obsweb\/p_peu_actividades.jornadas?pmenu=I Podr\u00e1s inscribirte a la jornada que quieras pinchando sobre el enlace habilitado para ello, o contactando con el Observatorio Ocupacional. PR\u00c1CTICAS EN EL EXTRANJERO PARA ESTUDIANTES Y TITULADOS UMH &#8211; ELCHE (JUEVES 20 OCT. 2016) Campus Fecha Edificio Aula ELCHE JUEVES [&hellip;]<\/p>\n","protected":false},"author":790,"featured_media":0,"comment_status":"closed","ping_status":"open","sticky":false,"template":"","format":"standard","meta":{"_links_to":"","_links_to_target":""},"categories":[2,79,146],"tags":[195],"_links":{"self":[{"href":"https:\/\/gradocau.umh.es\/ca\/wp-json\/wp\/v2\/posts\/2292"}],"collection":[{"href":"https:\/\/gradocau.umh.es\/ca\/wp-json\/wp\/v2\/posts"}],"about":[{"href":"https:\/\/gradocau.umh.es\/ca\/wp-json\/wp\/v2\/types\/post"}],"author":[{"embeddable":true,"href":"https:\/\/gradocau.umh.es\/ca\/wp-json\/wp\/v2\/users\/790"}],"replies":[{"embeddable":true,"href":"https:\/\/gradocau.umh.es\/ca\/wp-json\/wp\/v2\/comments?post=2292"}],"version-history":[{"count":0,"href":"https:\/\/gradocau.umh.es\/ca\/wp-json\/wp\/v2\/posts\/2292\/revisions"}],"wp:attachment":[{"href":"https:\/\/gradocau.umh.es\/ca\/wp-json\/wp\/v2\/media?parent=2292"}],"wp:term":[{"taxonomy":"category","embeddable":true,"href":"https:\/\/gradocau.umh.es\/ca\/wp-json\/wp\/v2\/categories?post=2292"},{"taxonomy":"post_tag","embeddable":true,"href":"https:\/\/gradocau.umh.es\/ca\/wp-json\/wp\/v2\/tags?post=2292"}],"curies":[{"name":"wp","href":"https:\/\/api.w.org\/{rel}","templated":true}]}}