{"id":2275,"date":"2016-10-18T10:19:27","date_gmt":"2016-10-18T10:19:27","guid":{"rendered":"http:\/\/gradocau.umh.es\/?p=2275"},"modified":"2016-10-18T18:18:32","modified_gmt":"2016-10-18T18:18:32","slug":"%ef%bb%bfcongreso-cicap-iv-estrategias-de-promocion-y-difusion-del-cortometraje-que-la-fuerza-te-acompane","status":"publish","type":"post","link":"https:\/\/gradocau.umh.es\/ca\/2016\/10\/18\/%ef%bb%bfcongreso-cicap-iv-estrategias-de-promocion-y-difusion-del-cortometraje-que-la-fuerza-te-acompane\/","title":{"rendered":"\ufeffCONGRESO CICAP IV: Estrategias de promoci\u00f3n y difusi\u00f3n del cortometraje"},"content":{"rendered":"<p><del><\/del><strong>CONGRESO CICAP\u00a0IV<\/strong><\/p>\n<p>En 2015 el Congreso Internacional de Comunicaci\u00f3n Audiovisual y Publicidad, CICAP IV, \u00a0tiene por t\u00edtulo\u00a0<a href=\"http:\/\/gradocau.umh.es\/files\/2016\/10\/CICAP-IV-Promoci\u00f3n-y-difusi\u00f3n-cortometraje1.pdf\" target=\"_blank\">Estrategias de promoci\u00f3n y difusi\u00f3n del cortometraje. Que la fuerza te acompa\u00f1e.<\/a><\/p>\n<p><a href=\"http:\/\/gradocau.umh.es\/files\/2016\/10\/CICAP2016.jpg\"><img loading=\"lazy\" class=\"alignnone wp-image-2281\" src=\"http:\/\/gradocau.umh.es\/files\/2016\/10\/CICAP2016.jpg\" alt=\"cicap2016\" width=\"600\" height=\"300\" srcset=\"https:\/\/gradocau.umh.es\/files\/2016\/10\/CICAP2016.jpg 850w, https:\/\/gradocau.umh.es\/files\/2016\/10\/CICAP2016-300x150.jpg 300w\" sizes=\"(max-width: 600px) 100vw, 600px\" \/><\/a><\/p>\n<p>Investigadores y profesionales explicar\u00e1n y debatir\u00e1n sobre aspectos relacionados con las estrategias de promoci\u00f3n y difusi\u00f3n del cortometraje y compartir\u00e1n consejos y trucos para facilitar esta tarea.<\/p>\n<p><strong>Fechas y lugar del encuentro<\/strong><br \/>\nEl evento se realizar\u00e1 los d\u00edas 19\u00a0y 20\u00a0de octubre\u00a0en la Universidad Miguel Hern\u00e1ndez de Elche.<br \/>\n<span style=\"text-decoration: underline;\">Aula Magna del Edificio Altabix<\/span>.<\/p>\n<p><strong>Dirigido a<\/strong><br \/>\nEstudiantes de Comunicaci\u00f3n Audiovisual, Bellas Artes y Periodismo, as\u00ed como a profesores, investigadores y profesionales relacionados con el \u00e1mbito de la comunicaci\u00f3n audiovisual.<\/p>\n<p>Toda la informaci\u00f3n en la web del Congreso:\u00a0<a href=\"http:\/\/cicapumh.net\/\" target=\"_blank\">http:\/\/cicapumh.net\/<\/a><\/p>\n<p>&nbsp;<\/p>\n","protected":false},"excerpt":{"rendered":"<p>CONGRESO CICAP\u00a0IV En 2015 el Congreso Internacional de Comunicaci\u00f3n Audiovisual y Publicidad, CICAP IV, \u00a0tiene por t\u00edtulo\u00a0Estrategias de promoci\u00f3n y difusi\u00f3n del cortometraje. Que la fuerza te acompa\u00f1e. Investigadores y profesionales explicar\u00e1n y debatir\u00e1n sobre aspectos relacionados con las estrategias de promoci\u00f3n y difusi\u00f3n del cortometraje y compartir\u00e1n consejos y trucos para facilitar esta tarea. [&hellip;]<\/p>\n","protected":false},"author":662,"featured_media":0,"comment_status":"closed","ping_status":"open","sticky":false,"template":"","format":"standard","meta":{"_links_to":"","_links_to_target":""},"categories":[112,2],"tags":[42],"_links":{"self":[{"href":"https:\/\/gradocau.umh.es\/ca\/wp-json\/wp\/v2\/posts\/2275"}],"collection":[{"href":"https:\/\/gradocau.umh.es\/ca\/wp-json\/wp\/v2\/posts"}],"about":[{"href":"https:\/\/gradocau.umh.es\/ca\/wp-json\/wp\/v2\/types\/post"}],"author":[{"embeddable":true,"href":"https:\/\/gradocau.umh.es\/ca\/wp-json\/wp\/v2\/users\/662"}],"replies":[{"embeddable":true,"href":"https:\/\/gradocau.umh.es\/ca\/wp-json\/wp\/v2\/comments?post=2275"}],"version-history":[{"count":0,"href":"https:\/\/gradocau.umh.es\/ca\/wp-json\/wp\/v2\/posts\/2275\/revisions"}],"wp:attachment":[{"href":"https:\/\/gradocau.umh.es\/ca\/wp-json\/wp\/v2\/media?parent=2275"}],"wp:term":[{"taxonomy":"category","embeddable":true,"href":"https:\/\/gradocau.umh.es\/ca\/wp-json\/wp\/v2\/categories?post=2275"},{"taxonomy":"post_tag","embeddable":true,"href":"https:\/\/gradocau.umh.es\/ca\/wp-json\/wp\/v2\/tags?post=2275"}],"curies":[{"name":"wp","href":"https:\/\/api.w.org\/{rel}","templated":true}]}}