{"id":2251,"date":"2016-09-30T12:25:04","date_gmt":"2016-09-30T12:25:04","guid":{"rendered":"http:\/\/gradocau.umh.es\/?p=2251"},"modified":"2016-09-30T13:49:36","modified_gmt":"2016-09-30T13:49:36","slug":"campanya-de-comunicacio-de-les-universitats-valencianes-i-la-mesav-per-impulsar-la-reapertura-de-rtvv","status":"publish","type":"post","link":"https:\/\/gradocau.umh.es\/ca\/2016\/09\/30\/campanya-de-comunicacio-de-les-universitats-valencianes-i-la-mesav-per-impulsar-la-reapertura-de-rtvv\/","title":{"rendered":"Campanya de comunicaci\u00f3 de les universitats valencianes i la MESAV per impulsar la reapertura de RTVV"},"content":{"rendered":"<p class=\"p1\">Campanya de comunicaci\u00f3 de les universitats valencianes i la MESAV per impulsar la reapertura de RTVV<\/p>\n<p class=\"p2\">Us convidem a que participeu en aquesta iniciativa Dimecres 5 d\u2019octubre, al plat\u00f3 del edifici Atzavares. A les entrevistes, us demanaran la vostra opini\u00f3 en un format breu d&#8217;un m\u00e0xim de 20 segons, sobre dues preguntes.<\/p>\n<p class=\"p3\">Per qu\u00e8 creus que \u00e9s necessari un servei p\u00fablic de radiotelevisi\u00f3 a la Comunitat Valenciana?<\/p>\n<p class=\"p3\">Com t&#8217;agradaria que fora el futur servei p\u00fablic de radiotelevisi\u00f3?<\/p>\n<p class=\"p2\">Dia 5 octubre de 10:00-14:00<\/p>\n<p class=\"p2\">Edifici Atzavares \u2013 UNIVERSITAT MIGUEL HERN\u00c1NDEZ<\/p>\n<p class=\"p2\"><a href=\"http:\/\/gradocau.umh.es\/files\/2016\/09\/Preguntes-finals-Campanya-comunicaci\u00f3-RTVV.pdf\">preguntes-finals-campanya-comunicacio-rtvv<\/a> <a href=\"http:\/\/gradocau.umh.es\/files\/2016\/09\/Photocall-UMH.pdf\">photocall-umh<\/a><\/p>\n<p class=\"p2\"><a href=\"http:\/\/gradocau.umh.es\/files\/2016\/09\/Photocall-UMH.pdf\">photocall-umh<\/a><\/p>\n","protected":false},"excerpt":{"rendered":"<p>Campanya de comunicaci\u00f3 de les universitats valencianes i la MESAV per impulsar la reapertura de RTVV Us convidem a que participeu en aquesta iniciativa Dimecres 5 d\u2019octubre, al plat\u00f3 del edifici Atzavares. A les entrevistes, us demanaran la vostra opini\u00f3 en un format breu d&#8217;un m\u00e0xim de 20 segons, sobre dues preguntes. Per qu\u00e8 creus [&hellip;]<\/p>\n","protected":false},"author":790,"featured_media":0,"comment_status":"closed","ping_status":"open","sticky":false,"template":"","format":"standard","meta":{"_links_to":"","_links_to_target":""},"categories":[2],"tags":[4107],"_links":{"self":[{"href":"https:\/\/gradocau.umh.es\/ca\/wp-json\/wp\/v2\/posts\/2251"}],"collection":[{"href":"https:\/\/gradocau.umh.es\/ca\/wp-json\/wp\/v2\/posts"}],"about":[{"href":"https:\/\/gradocau.umh.es\/ca\/wp-json\/wp\/v2\/types\/post"}],"author":[{"embeddable":true,"href":"https:\/\/gradocau.umh.es\/ca\/wp-json\/wp\/v2\/users\/790"}],"replies":[{"embeddable":true,"href":"https:\/\/gradocau.umh.es\/ca\/wp-json\/wp\/v2\/comments?post=2251"}],"version-history":[{"count":0,"href":"https:\/\/gradocau.umh.es\/ca\/wp-json\/wp\/v2\/posts\/2251\/revisions"}],"wp:attachment":[{"href":"https:\/\/gradocau.umh.es\/ca\/wp-json\/wp\/v2\/media?parent=2251"}],"wp:term":[{"taxonomy":"category","embeddable":true,"href":"https:\/\/gradocau.umh.es\/ca\/wp-json\/wp\/v2\/categories?post=2251"},{"taxonomy":"post_tag","embeddable":true,"href":"https:\/\/gradocau.umh.es\/ca\/wp-json\/wp\/v2\/tags?post=2251"}],"curies":[{"name":"wp","href":"https:\/\/api.w.org\/{rel}","templated":true}]}}