{"id":2020,"date":"2016-06-15T09:42:57","date_gmt":"2016-06-15T09:42:57","guid":{"rendered":"http:\/\/gradocau.umh.es\/?p=2020"},"modified":"2016-06-15T09:44:19","modified_gmt":"2016-06-15T09:44:19","slug":"inauguracion-de-la-31-edicion-del-festival-internacional-de-cine-de-valencia-cinema-jove","status":"publish","type":"post","link":"https:\/\/gradocau.umh.es\/ca\/2016\/06\/15\/inauguracion-de-la-31-edicion-del-festival-internacional-de-cine-de-valencia-cinema-jove\/","title":{"rendered":"inauguraci\u00f3n de la 31 edici\u00f3n del Festival Internacional de Cine de Valencia Cinema Jove"},"content":{"rendered":"<p>Te invitamos a unirte el pr\u00f3ximo 17 de junio a la inauguraci\u00f3n de la <strong>31 edici\u00f3n del Festival Internacional de Cine de Valencia Cinema Jove<\/strong>, en la que presentaremos la programaci\u00f3n para los 8 d\u00edas del Festival.<\/p>\n<p><a href=\"http:\/\/gradocau.umh.es\/files\/2016\/01\/Cartel-Festival-de-Cine-de-Valencia-1.jpg\"><img loading=\"lazy\" class=\"alignnone wp-image-1152\" src=\"http:\/\/gradocau.umh.es\/files\/2016\/01\/Cartel-Festival-de-Cine-de-Valencia-1-679x1024.jpg\" alt=\"Cartel Festival de Cine de Valencia-1\" width=\"600\" height=\"905\" srcset=\"https:\/\/gradocau.umh.es\/files\/2016\/01\/Cartel-Festival-de-Cine-de-Valencia-1-679x1024.jpg 679w, https:\/\/gradocau.umh.es\/files\/2016\/01\/Cartel-Festival-de-Cine-de-Valencia-1-199x300.jpg 199w, https:\/\/gradocau.umh.es\/files\/2016\/01\/Cartel-Festival-de-Cine-de-Valencia-1.jpg 1161w\" sizes=\"(max-width: 600px) 100vw, 600px\" \/><\/a><\/p>\n<p>&nbsp;<\/p>\n<p>Una gala conducida por las actrices Ana \u00c1lvarez e Iris Lezcano, haci\u00e9ndose entrega del premio\u00a0 <strong>Luna de Valencia <\/strong>a\u00a0 <strong><span style=\"text-decoration: underline;\">Rithy Panh<\/span>, <\/strong>\u00a0cineasta de gran prestigio, que ha sido reconocido a\u00a0 nivel internacional en <em>eventos tales como\u00a0 el Festival de Cannes y la Academia de Artes y Ciencias Cinematogr\u00e1ficas de Hollywood<\/em>, entre otros. Los premios <em><b>Un futuro de Cine <\/b><\/em>ser\u00e1n entregados a <strong><span style=\"text-decoration: underline;\">Ingrid Garc\u00eda Jonsson<\/span>\u00a0 <\/strong>y <strong><span style=\"text-decoration: underline;\">Daniel Grao, <\/span><\/strong>int\u00e9rpretes de pel\u00edculas como <em><b>Hermosa Juventud<\/b><\/em>, <em><b>Acantilado<\/b><\/em> y <em><b>Julieta<\/b><\/em> quienes tambi\u00e9n han participado en series como\u00a0<em><b>Apaches, Sin identidad<\/b>,<b> Hermanos<\/b>,<b> Los nuestros<\/b>, o<b> Acusados.<\/b><\/em><\/p>\n<p>Estar\u00e1n con nosotros cineastas y figuras del mundo cinematogr\u00e1fico, tanto internacional como nacional, entre ellos Mariano Barroso, Kike Maillo, Jos\u00e9 Skaf, Leonardo Sbaraglia, Frank Feys, William Miller, Natalia Moreno o Sergio Peris Mencheta\u00a0 y otros que iremos anunciando.<\/p>\n<p>La inauguraci\u00f3n concluir\u00e1 con la proyecci\u00f3n del largometraje\u00a0 <em><b>Viva<\/b><\/em>, a la que asistir\u00e1 su director<strong> Paddy Breathnach<\/strong>. Esperamos que disfrutes de la velada con todos nosotros.<\/p>\n<p align=\"center\"><a href=\"http:\/\/track.ml.mailersend.com\/link\/c\/YT0zODM2OTM4MTExNzMyOTU1MDAmYz1tOGc0JmU9Mjc3ODI4NyZiPTQ3NzM1OTk2JmQ9bzN5MHUzbA==.Lq_y5klJ_5iKNzb-efwvayZDXh4FVqTcfJRS5pcgi1k\" target=\"_blank\" data-saferedirecturl=\"https:\/\/www.google.com\/url?hl=es&amp;q=http:\/\/track.ml.mailersend.com\/link\/c\/YT0zODM2OTM4MTExNzMyOTU1MDAmYz1tOGc0JmU9Mjc3ODI4NyZiPTQ3NzM1OTk2JmQ9bzN5MHUzbA%3D%3D.Lq_y5klJ_5iKNzb-efwvayZDXh4FVqTcfJRS5pcgi1k&amp;source=gmail&amp;ust=1466068662251000&amp;usg=AFQjCNEz8PsqsXgL6ujzlLODUIkZvueGqQ\">&gt;&gt; ENTRA AQU\u00cd PARA DESCARGAR TU INVITACI\u00d3N &lt;&lt;<\/a><\/p>\n<p>SOLO SE PONDR\u00c1N CANJEAR DOS INVITACIONES POR PERSONA\/ \/ RECUERDA QUE EL AFORO ES LIMITADO.<\/p>\n","protected":false},"excerpt":{"rendered":"<p>Te invitamos a unirte el pr\u00f3ximo 17 de junio a la inauguraci\u00f3n de la 31 edici\u00f3n del Festival Internacional de Cine de Valencia Cinema Jove, en la que presentaremos la programaci\u00f3n para los 8 d\u00edas del Festival. &nbsp; Una gala conducida por las actrices Ana \u00c1lvarez e Iris Lezcano, haci\u00e9ndose entrega del premio\u00a0 Luna de [&hellip;]<\/p>\n","protected":false},"author":790,"featured_media":0,"comment_status":"closed","ping_status":"open","sticky":false,"template":"","format":"standard","meta":{"_links_to":"","_links_to_target":""},"categories":[22],"tags":[168],"_links":{"self":[{"href":"https:\/\/gradocau.umh.es\/ca\/wp-json\/wp\/v2\/posts\/2020"}],"collection":[{"href":"https:\/\/gradocau.umh.es\/ca\/wp-json\/wp\/v2\/posts"}],"about":[{"href":"https:\/\/gradocau.umh.es\/ca\/wp-json\/wp\/v2\/types\/post"}],"author":[{"embeddable":true,"href":"https:\/\/gradocau.umh.es\/ca\/wp-json\/wp\/v2\/users\/790"}],"replies":[{"embeddable":true,"href":"https:\/\/gradocau.umh.es\/ca\/wp-json\/wp\/v2\/comments?post=2020"}],"version-history":[{"count":0,"href":"https:\/\/gradocau.umh.es\/ca\/wp-json\/wp\/v2\/posts\/2020\/revisions"}],"wp:attachment":[{"href":"https:\/\/gradocau.umh.es\/ca\/wp-json\/wp\/v2\/media?parent=2020"}],"wp:term":[{"taxonomy":"category","embeddable":true,"href":"https:\/\/gradocau.umh.es\/ca\/wp-json\/wp\/v2\/categories?post=2020"},{"taxonomy":"post_tag","embeddable":true,"href":"https:\/\/gradocau.umh.es\/ca\/wp-json\/wp\/v2\/tags?post=2020"}],"curies":[{"name":"wp","href":"https:\/\/api.w.org\/{rel}","templated":true}]}}