{"id":1982,"date":"2016-06-08T14:12:16","date_gmt":"2016-06-08T14:12:16","guid":{"rendered":"http:\/\/gradocau.umh.es\/?p=1982"},"modified":"2016-06-08T17:56:49","modified_gmt":"2016-06-08T17:56:49","slug":"2o-curso-del-grado-en-comunicacion-audiovisual-han-realizado-11-videos-promocionales-para-los-institutos-ilicitanos","status":"publish","type":"post","link":"https:\/\/gradocau.umh.es\/ca\/2016\/06\/08\/2o-curso-del-grado-en-comunicacion-audiovisual-han-realizado-11-videos-promocionales-para-los-institutos-ilicitanos\/","title":{"rendered":"Alumnos de 2\u00ba curso de CAU UMH han realizado 11 v\u00eddeos promocionales para los institutos ilicitanos."},"content":{"rendered":"<p>La Universidad Miguel Hern\u00e1ndez (UMH) de Elche ha contribuido a la promoci\u00f3n de ciclos formativos en institutos de Secundaria de Elche. La profesora de la UMH <strong>Mar\u00eda Teresa Zaragoza Fuster<\/strong> ha dirigido el proyecto de\u00a0 innovaci\u00f3n educativa \u201cElaboraci\u00f3n de v\u00eddeos promocionales de los estudios de los centros de formaci\u00f3n profesional de Elche\u201d, en el que <strong>estudiantes de 2\u00ba curso del Grado en Comunicaci\u00f3n Audiovisual<\/strong> han realizado 11 v\u00eddeos promocionales para los institutos ilicitanos.<span id=\"more-91156\"><\/span><\/p>\n<p><a href=\"http:\/\/gradocau.umh.es\/files\/2016\/06\/06-06-16-grabaci\u00f3n-ciclos-formativos.png\"><img loading=\"lazy\" class=\"alignnone wp-image-1995\" src=\"http:\/\/gradocau.umh.es\/files\/2016\/06\/06-06-16-grabaci\u00f3n-ciclos-formativos.png\" alt=\"06-06-16-grabaci\u00f3n-ciclos-formativos\" width=\"600\" height=\"320\" \/><\/a><\/p>\n<p>El proyecto se ha desarrollado como fruto de una estrecha colaboraci\u00f3n con los orientadores de los institutos de ense\u00f1anza secundaria de la ciudad de Elche, que pretend\u00edan mejorar la informaci\u00f3n sobre la oferta formativa disponible en Elche. Los v\u00eddeos realizados por estudiantes de Comunicaci\u00f3n Audiovisual de la UMH han sido objeto de evaluaci\u00f3n de la asignatura del segundo semestre \u201cGui\u00f3n II\u201d.<\/p>\n<p>La UMH ha respaldado este proyecto mediante la convocatoria INNOVA+2016, enmarcado en el subprograma \u201cAcciones que fomenten el alineamiento estrat\u00e9gico de las actividades pr\u00e1cticas de las asignaturas con los fines de la Universidad\u201d, cuya finalidad\u00a0 es integrar a los estudiantes de la UMH en pr\u00e1cticas formativas reales y con una utilidad social.<\/p>\n<p>Los primeros v\u00eddeos promocionales han sido para los institutos La Torreta, Carr\u00fas, Sixto Marco, Severo Ochoa, Cayetano Sempere y Montserrat Roig.<\/p>\n<p>Asimismo, tanto la UMH como los institutos de Elche continuar\u00e1n trabajando durante el pr\u00f3ximo curso para generar m\u00e1s v\u00eddeos promocionales que sirvan de referente a los estudiantes en Secundaria a la hora de elegir entre los diferentes ciclos formativos ofertados en la ciudad de Elche<\/p>\n<p>Todos los v\u00eddeos est\u00e1n publicados en el canal institucional de YouTube de la UMH\u00a0<a href=\"https:\/\/goo.gl\/gEII4r\">https:\/\/goo.gl\/gEII4r<\/a><\/p>\n","protected":false},"excerpt":{"rendered":"<p>La Universidad Miguel Hern\u00e1ndez (UMH) de Elche ha contribuido a la promoci\u00f3n de ciclos formativos en institutos de Secundaria de Elche. La profesora de la UMH Mar\u00eda Teresa Zaragoza Fuster ha dirigido el proyecto de\u00a0 innovaci\u00f3n educativa \u201cElaboraci\u00f3n de v\u00eddeos promocionales de los estudios de los centros de formaci\u00f3n profesional de Elche\u201d, en el que [&hellip;]<\/p>\n","protected":false},"author":790,"featured_media":0,"comment_status":"closed","ping_status":"open","sticky":false,"template":"","format":"standard","meta":{"_links_to":"","_links_to_target":""},"categories":[112],"tags":[83,145,34],"_links":{"self":[{"href":"https:\/\/gradocau.umh.es\/ca\/wp-json\/wp\/v2\/posts\/1982"}],"collection":[{"href":"https:\/\/gradocau.umh.es\/ca\/wp-json\/wp\/v2\/posts"}],"about":[{"href":"https:\/\/gradocau.umh.es\/ca\/wp-json\/wp\/v2\/types\/post"}],"author":[{"embeddable":true,"href":"https:\/\/gradocau.umh.es\/ca\/wp-json\/wp\/v2\/users\/790"}],"replies":[{"embeddable":true,"href":"https:\/\/gradocau.umh.es\/ca\/wp-json\/wp\/v2\/comments?post=1982"}],"version-history":[{"count":0,"href":"https:\/\/gradocau.umh.es\/ca\/wp-json\/wp\/v2\/posts\/1982\/revisions"}],"wp:attachment":[{"href":"https:\/\/gradocau.umh.es\/ca\/wp-json\/wp\/v2\/media?parent=1982"}],"wp:term":[{"taxonomy":"category","embeddable":true,"href":"https:\/\/gradocau.umh.es\/ca\/wp-json\/wp\/v2\/categories?post=1982"},{"taxonomy":"post_tag","embeddable":true,"href":"https:\/\/gradocau.umh.es\/ca\/wp-json\/wp\/v2\/tags?post=1982"}],"curies":[{"name":"wp","href":"https:\/\/api.w.org\/{rel}","templated":true}]}}