{"id":1797,"date":"2016-05-10T11:08:08","date_gmt":"2016-05-10T11:08:08","guid":{"rendered":"http:\/\/gradocau.umh.es\/?p=1797"},"modified":"2016-05-10T11:38:22","modified_gmt":"2016-05-10T11:38:22","slug":"iv-encuentro-lo-sonoro-en-el-audiovisual-2","status":"publish","type":"post","link":"https:\/\/gradocau.umh.es\/ca\/2016\/05\/10\/iv-encuentro-lo-sonoro-en-el-audiovisual-2\/","title":{"rendered":"IV Encuentro lo Sonoro en el Audiovisual"},"content":{"rendered":"<p><strong>IV ENCUENTRO LO SONORO EN EL AUDIOVISUAL. DE LO AUDIBLE A LO VISIBLE<\/strong><br \/>\n09-10-11 Junio 2016<br \/>\n\u200bSEDE de la Universidad de Alicante, Paseo de Canalejas<\/p>\n<p>Toda la informaci\u00f3n en:\u00a0<a href=\"http:\/\/musi28.wix.com\/musicaparalaimagen#!encuentro\/c20ii\" target=\"_blank\">http:\/\/musi28.wix.com\/musicaparalaimagen#!encuentro\/c20ii<\/a><\/p>\n<p><strong>Comunicaciones<\/strong><br \/>\nDesde un punto de vista direccional la presente edici\u00f3n del Encuentro centra su inter\u00e9s en las im\u00e1genes que parten de un escenario sonoro\/musical.<\/p>\n<p>&#8211; Pel\u00edculas a partir del teatro musical<br \/>\n&#8211; Biopics de compositores o int\u00e9rpretes<br \/>\n&#8211; Videoclips<br \/>\n&#8211; Mapping<br \/>\n&#8211; Proyecciones narrativas: espect\u00e1culos de luz y sonido<br \/>\n&#8211; Videoinstalaciones<br \/>\n&#8211; Videodanza, performances<br \/>\n&#8211; Montaje de secuencias en base a su contenido sonoro o musical: la canci\u00f3n como par\u00e9ntesis argumental.<br \/>\n&#8211; Cabeceras, caretas.<br \/>\n&#8211; Imagen sonora corporativa: sinton\u00edas publicitarias<br \/>\n&#8211; Filmaciones o retransmisiones de conciertos, \u00f3peras, ballets u otros espect\u00e1culos musicales<\/p>\n<p>En definitiva, todo aquel producto audiovisual que tiene que se ocupa o tiene su fundamento en la m\u00fasica o el sonido, tanto en su tem\u00e1tica como en su narrativa. La imagen al servicio de la m\u00fasica y\/o el sonido.<\/p>\n<p><a href=\"http:\/\/gradocau.umh.es\/files\/2016\/05\/M\u00fasica-en-la-imagen-2016.jpeg\"><img loading=\"lazy\" class=\"alignnone wp-image-1798\" src=\"http:\/\/gradocau.umh.es\/files\/2016\/05\/M\u00fasica-en-la-imagen-2016-707x1024.jpeg\" alt=\"M\u00fasica en la imagen 2016\" width=\"500\" height=\"724\" \/><\/a><a href=\"http:\/\/gradocau.umh.es\/files\/2016\/05\/M\u00fasica-en-la-Imagen-SECCION-SGAE-anexo-2016.jpg\"><img loading=\"lazy\" class=\"alignnone size-large wp-image-1799\" src=\"http:\/\/gradocau.umh.es\/files\/2016\/05\/M\u00fasica-en-la-Imagen-SECCION-SGAE-anexo-2016-749x1024.jpg\" alt=\"M\u00fasica en la Imagen SECCION SGAE anexo 2016\" width=\"749\" height=\"1024\" \/><\/a><\/p>\n","protected":false},"excerpt":{"rendered":"<p>IV ENCUENTRO LO SONORO EN EL AUDIOVISUAL. DE LO AUDIBLE A LO VISIBLE 09-10-11 Junio 2016 \u200bSEDE de la Universidad de Alicante, Paseo de Canalejas Toda la informaci\u00f3n en:\u00a0http:\/\/musi28.wix.com\/musicaparalaimagen#!encuentro\/c20ii Comunicaciones Desde un punto de vista direccional la presente edici\u00f3n del Encuentro centra su inter\u00e9s en las im\u00e1genes que parten de un escenario sonoro\/musical. &#8211; Pel\u00edculas [&hellip;]<\/p>\n","protected":false},"author":790,"featured_media":0,"comment_status":"closed","ping_status":"open","sticky":false,"template":"","format":"standard","meta":{"_links_to":"","_links_to_target":""},"categories":[81],"tags":[51],"_links":{"self":[{"href":"https:\/\/gradocau.umh.es\/ca\/wp-json\/wp\/v2\/posts\/1797"}],"collection":[{"href":"https:\/\/gradocau.umh.es\/ca\/wp-json\/wp\/v2\/posts"}],"about":[{"href":"https:\/\/gradocau.umh.es\/ca\/wp-json\/wp\/v2\/types\/post"}],"author":[{"embeddable":true,"href":"https:\/\/gradocau.umh.es\/ca\/wp-json\/wp\/v2\/users\/790"}],"replies":[{"embeddable":true,"href":"https:\/\/gradocau.umh.es\/ca\/wp-json\/wp\/v2\/comments?post=1797"}],"version-history":[{"count":0,"href":"https:\/\/gradocau.umh.es\/ca\/wp-json\/wp\/v2\/posts\/1797\/revisions"}],"wp:attachment":[{"href":"https:\/\/gradocau.umh.es\/ca\/wp-json\/wp\/v2\/media?parent=1797"}],"wp:term":[{"taxonomy":"category","embeddable":true,"href":"https:\/\/gradocau.umh.es\/ca\/wp-json\/wp\/v2\/categories?post=1797"},{"taxonomy":"post_tag","embeddable":true,"href":"https:\/\/gradocau.umh.es\/ca\/wp-json\/wp\/v2\/tags?post=1797"}],"curies":[{"name":"wp","href":"https:\/\/api.w.org\/{rel}","templated":true}]}}