{"id":1648,"date":"2016-04-21T10:16:04","date_gmt":"2016-04-21T10:16:04","guid":{"rendered":"http:\/\/gradocau.umh.es\/?p=1648"},"modified":"2016-04-21T10:18:46","modified_gmt":"2016-04-21T10:18:46","slug":"ii-edicion-certamen-de-fotografia-signo-editores","status":"publish","type":"post","link":"https:\/\/gradocau.umh.es\/ca\/2016\/04\/21\/ii-edicion-certamen-de-fotografia-signo-editores\/","title":{"rendered":"II Edici\u00f3n Certamen de Fotograf\u00eda Signo Editores"},"content":{"rendered":"<p>La II edici\u00f3n del Certamen de Fotograf\u00eda Signo editores vuelve con novedades. Cuatro categor\u00edas: <strong>Retrato<\/strong>, <strong>Fotoperiodismo<\/strong>,\u00a0<strong>Paisaje<\/strong> y <strong>Series de autor<\/strong>. Y m\u00e1s de 10.000 euros en premios.<\/p>\n<p>El certamen comienza el <strong>13 de abril de 2016 y finaliza el 15 de junio de 2016<\/strong>. El nombre de los ganadores se dar\u00e1 a conocer el 22\u00a0de junio de 2016.<\/p>\n<p>En esta edici\u00f3n aumentan las oportunidades de\u00a0ganar. Se permite\u00a0presentar\u00a0un m\u00e1ximo de tres fotograf\u00edas por categor\u00eda. Salvo en Series de autor, donde cada participante solo puede presentar una serie fotogr\u00e1fica o reportaje.<\/p>\n<p>M\u00e1s informaci\u00f3n en:\u00a0<a href=\"http:\/\/www.signoeditoresfotografia.es\/participa\/\" target=\"_blank\">http:\/\/www.signoeditoresfotografia.es\/participa\/<\/a><\/p>\n<p>Bases legales:\u00a0<a href=\"http:\/\/www.signoeditoresfotografia.es\/bases-legales\/\" target=\"_blank\">http:\/\/www.signoeditoresfotografia.es\/bases-legales\/<\/a><\/p>\n","protected":false},"excerpt":{"rendered":"<p>La II edici\u00f3n del Certamen de Fotograf\u00eda Signo editores vuelve con novedades. Cuatro categor\u00edas: Retrato, Fotoperiodismo,\u00a0Paisaje y Series de autor. Y m\u00e1s de 10.000 euros en premios. El certamen comienza el 13 de abril de 2016 y finaliza el 15 de junio de 2016. El nombre de los ganadores se dar\u00e1 a conocer el 22\u00a0de [&hellip;]<\/p>\n","protected":false},"author":790,"featured_media":0,"comment_status":"closed","ping_status":"open","sticky":false,"template":"","format":"standard","meta":{"_links_to":"","_links_to_target":""},"categories":[24],"tags":[25],"_links":{"self":[{"href":"https:\/\/gradocau.umh.es\/ca\/wp-json\/wp\/v2\/posts\/1648"}],"collection":[{"href":"https:\/\/gradocau.umh.es\/ca\/wp-json\/wp\/v2\/posts"}],"about":[{"href":"https:\/\/gradocau.umh.es\/ca\/wp-json\/wp\/v2\/types\/post"}],"author":[{"embeddable":true,"href":"https:\/\/gradocau.umh.es\/ca\/wp-json\/wp\/v2\/users\/790"}],"replies":[{"embeddable":true,"href":"https:\/\/gradocau.umh.es\/ca\/wp-json\/wp\/v2\/comments?post=1648"}],"version-history":[{"count":0,"href":"https:\/\/gradocau.umh.es\/ca\/wp-json\/wp\/v2\/posts\/1648\/revisions"}],"wp:attachment":[{"href":"https:\/\/gradocau.umh.es\/ca\/wp-json\/wp\/v2\/media?parent=1648"}],"wp:term":[{"taxonomy":"category","embeddable":true,"href":"https:\/\/gradocau.umh.es\/ca\/wp-json\/wp\/v2\/categories?post=1648"},{"taxonomy":"post_tag","embeddable":true,"href":"https:\/\/gradocau.umh.es\/ca\/wp-json\/wp\/v2\/tags?post=1648"}],"curies":[{"name":"wp","href":"https:\/\/api.w.org\/{rel}","templated":true}]}}