{"id":1609,"date":"2016-04-12T11:04:23","date_gmt":"2016-04-12T11:04:23","guid":{"rendered":"http:\/\/gradocau.umh.es\/?p=1609"},"modified":"2016-04-12T11:16:44","modified_gmt":"2016-04-12T11:16:44","slug":"cinema-en-valencia-al-cine-odeon-delx","status":"publish","type":"post","link":"https:\/\/gradocau.umh.es\/ca\/2016\/04\/12\/cinema-en-valencia-al-cine-odeon-delx\/","title":{"rendered":"CINEMA EN VALENCI\u00c0 al cine Odeon d\u2019Elx"},"content":{"rendered":"<p>Comencem dijous 14 un nou cicle de <strong>CINEMA EN VALENCI\u00c0<\/strong> al cine Odeon d\u2019Elx, passes 19:30 i 22:00 hores, entrada lliure.<\/p>\n<p>La programaci\u00f3 \u00e9s la seg\u00fcent:<\/p>\n<p>14 d\u2019abril, <em>Barcelona nit d\u2019hivern<\/em>, de Dani de la Orden<\/p>\n<p>21 d\u2019abril, <em>El virus de la por<\/em>, de Ventura Pons<\/p>\n<p>28 d\u2019abril, <em>Segon origen<\/em>, de Carles Porta<\/p>\n<p><a href=\"http:\/\/gradocau.umh.es\/files\/2016\/04\/cinemavalenci\u00e0web-2016-04.jpg\"><img loading=\"lazy\" class=\"alignnone wp-image-1611\" src=\"http:\/\/gradocau.umh.es\/files\/2016\/04\/cinemavalenci\u00e0web-2016-04-996x1024.jpg\" alt=\"cinemavalenci\u00e0web 2016-04\" width=\"700\" height=\"719\" \/><\/a><\/p>\n<p><em>Oficina de Cultura, Extensi\u00f3 Universit\u00e0ria i Promoci\u00f3 Ling\u00fc\u00edstica<\/em><\/p>\n<p><em>Vicerectorat de Cultura i Extensi\u00f3 Universit\u00e0ria<\/em><\/p>\n<p><a href=\"http:\/\/cultura.umh.es\/\">http:\/\/cultura.umh.es<\/a> Tel. <a href=\"tel:966658830\">966658830<\/a>; <a href=\"mailto:cultura@umh.es\">cultura@umh.es<\/a> <a href=\"mailto:prova@umh.es\">prova@umh.es<\/a><\/p>\n<p>Universitat Miguel Hern\u00e1ndez d\u2019Elx<\/p>\n","protected":false},"excerpt":{"rendered":"<p>Comencem dijous 14 un nou cicle de CINEMA EN VALENCI\u00c0 al cine Odeon d\u2019Elx, passes 19:30 i 22:00 hores, entrada lliure. La programaci\u00f3 \u00e9s la seg\u00fcent: 14 d\u2019abril, Barcelona nit d\u2019hivern, de Dani de la Orden 21 d\u2019abril, El virus de la por, de Ventura Pons 28 d\u2019abril, Segon origen, de Carles Porta Oficina de [&hellip;]<\/p>\n","protected":false},"author":790,"featured_media":0,"comment_status":"closed","ping_status":"open","sticky":false,"template":"","format":"standard","meta":{"_links_to":"","_links_to_target":""},"categories":[89],"tags":[135,83,34],"_links":{"self":[{"href":"https:\/\/gradocau.umh.es\/ca\/wp-json\/wp\/v2\/posts\/1609"}],"collection":[{"href":"https:\/\/gradocau.umh.es\/ca\/wp-json\/wp\/v2\/posts"}],"about":[{"href":"https:\/\/gradocau.umh.es\/ca\/wp-json\/wp\/v2\/types\/post"}],"author":[{"embeddable":true,"href":"https:\/\/gradocau.umh.es\/ca\/wp-json\/wp\/v2\/users\/790"}],"replies":[{"embeddable":true,"href":"https:\/\/gradocau.umh.es\/ca\/wp-json\/wp\/v2\/comments?post=1609"}],"version-history":[{"count":0,"href":"https:\/\/gradocau.umh.es\/ca\/wp-json\/wp\/v2\/posts\/1609\/revisions"}],"wp:attachment":[{"href":"https:\/\/gradocau.umh.es\/ca\/wp-json\/wp\/v2\/media?parent=1609"}],"wp:term":[{"taxonomy":"category","embeddable":true,"href":"https:\/\/gradocau.umh.es\/ca\/wp-json\/wp\/v2\/categories?post=1609"},{"taxonomy":"post_tag","embeddable":true,"href":"https:\/\/gradocau.umh.es\/ca\/wp-json\/wp\/v2\/tags?post=1609"}],"curies":[{"name":"wp","href":"https:\/\/api.w.org\/{rel}","templated":true}]}}