{"id":1515,"date":"2016-03-21T14:33:34","date_gmt":"2016-03-21T14:33:34","guid":{"rendered":"http:\/\/gradocau.umh.es\/?p=1515"},"modified":"2016-03-21T14:37:06","modified_gmt":"2016-03-21T14:37:06","slug":"abierto-el-plazo-de-inscripcion-para-los-talleres-en-el-festival-de-cine-documental-medicos-sin-fronteras","status":"publish","type":"post","link":"https:\/\/gradocau.umh.es\/ca\/2016\/03\/21\/abierto-el-plazo-de-inscripcion-para-los-talleres-en-el-festival-de-cine-documental-medicos-sin-fronteras\/","title":{"rendered":"Abierto el plazo de inscripci\u00f3n para los talleres en el Festival de Cine Documental Art\u00edculo 31"},"content":{"rendered":"<p>Abierto el plazo de inscripci\u00f3n para los talleres\u00a0<strong>\u201cLa mujer en la historia del cine\u201d<\/strong> y <strong>\u201cVideoactivismo, acci\u00f3n pol\u00edtica c\u00e1mara en mano\u201d<\/strong><\/p>\n<p><strong>TALLER 1. La mujer en la historia del cine<\/strong><\/p>\n<ul>\n<li>Imparte: Isabel de Ocampo.<\/li>\n<li>S\u00e1bado 9 de abril, de 11 a 14hs, en la Sala Borau.<\/li>\n<\/ul>\n<p>La <strong>historia del cine comenz\u00f3 a escribirse en 1829<\/strong> cuando Joseph Antoine Ferdinand Plateau desarroll\u00f3 y comercializ\u00f3 el aparato conocido como<em>Fenaquistiscopio<\/em>, un juguete peque\u00f1o y redondo con el que su creador prob\u00f3 la ilusi\u00f3n \u00f3ptica de movimiento. Sin embargo, fue s\u00f3lo hasta hace cuatro a\u00f1os que una mujer logr\u00f3 alzarse con el premio a Mejor Directora en los Oscar de Hollywood, ceremonia que viene celebr\u00e1ndose desde 1929.<br \/>\nLas <strong>mujeres han tenido en el s\u00e9ptimo arte<\/strong> una participaci\u00f3n m\u00e1s discreta que la de los hombres, pero sus aportes han sido igual de significativos, convirti\u00e9ndose ya sea en pioneras o logrando <strong>hitos en la industria cinematogr\u00e1fica.<\/strong><\/p>\n<p><strong>Precio del taller<\/strong>: 10 euros.\u00a0<strong>PLAZAS LIMITADAS.<\/strong><\/p>\n<p><em>Isabel de Ocampo: Presidenta de CIMA (Asociaci\u00f3n de Mujeres Cineastas y de Medios Audiovisuales) 2012-2014 y Executive President de la European Women\u2019s Audiovisual Network (EWA Network) con sede en Estrasburgo.\u00a0<img loading=\"lazy\" class=\" wp-image-150 alignright\" src=\"https:\/\/articulo31.files.wordpress.com\/2016\/03\/isabel.png?w=372&amp;h=243\" alt=\"Isabel\" width=\"186\" height=\"243\" \/><\/em><\/p>\n<p><em>Con su trabajo, \u201cMiente\u201d, ha cosechado m\u00e1s de 70 premios dentro y fuera de Espa\u00f1a, destacando el GOYA 2008 al mejor cortometraje de ficci\u00f3n. \u201cEvelyn\u201d es su primer largometraje, por el que fue nominada a mejor Direcci\u00f3n Novel de los premios GOYA en 2013.\u00a0Recientemente ha producido el cortometraje Atocha 70, premio Corto de Canal Plus en Cinemajove.\u00a0<\/em><\/p>\n<p>PARA APUNTARSE<\/p>\n<div class=\"page\" title=\"Page 3\">\n<div class=\"layoutArea\">\n<div class=\"column\">\n<ol>\n<li><strong>Descarga la fich<\/strong>a de inscripci\u00f3n<a href=\"https:\/\/www.dropbox.com\/s\/9z9q5d251afuar7\/Inscripcion_Talleres_FestivalArticulo31.docx?dl=0\"> aqu\u00ed.<\/a><\/li>\n<li>Rellena la ficha de inscripci\u00f3n y <strong>env\u00edala<\/strong> a<em>a31direccion@<span class=\"skimlinks-unlinked\">medicosdelmundo.org<\/span><\/em><\/li>\n<li><strong>Forma de Pago<\/strong>: Una vez confirmada la inscripci\u00f3n, se enviar\u00e1 el n\u00famero de cuenta a los\/as participantes para realizar el ingreso.<\/li>\n<\/ol>\n<\/div>\n<div class=\"column\">\n<hr \/>\n<p>&nbsp;<\/p>\n<p>TALLER 2.\u00a0<strong>Videoactivismo, Acci\u00f3n Pol\u00edtica C\u00e1mara en Mano<\/strong><\/p>\n<\/div>\n<div class=\"column\">\n<ul>\n<li>Imparte: Concha Mateos Mart\u00edn.<\/li>\n<li>Domingo 10 de abril, de 10 a 14hs, en la Sala Borau.<\/li>\n<\/ul>\n<p>La protesta, la cr\u00edtica, la denuncia y el ensayo alternativo se pueden hacer con palabras, pero tambi\u00e9n con im\u00e1genes. El v\u00eddeo ha sido utilizado desde los comienzos del cine como una herramienta para la transformaci\u00f3n de la sociedad.\u00a0La historia del cine est\u00e1 llena de autores que han puesto su obra al servicio de algo distinto al entretenimiento.<\/p>\n<p>El taller \u201cVideoactivismo\u201d nos acerca a la herencia que han dejado estos autores y conoceremos c\u00f3mo es ahora la obra de la \u2018guerrilla audiovisual\u2019, sus estilos, narrativas, formas, y c\u00f3mo persigue sus fines.<\/p>\n<p><strong>Precio del taller<\/strong>: 10 euros.\u00a0<strong>PLAZAS LIMITADAS.<\/strong><\/p>\n<p><em>Concha Mateos: Doctora en Ciencias de la Informaci\u00f3n con Premio Extraordinario de la Divisi\u00f3n de Ciencias Sociales (2004) de la Universidad de La Laguna.\u00a0Desempe\u00f1\u00f3 su actividad profesional como periodista en emisoras de radio, televisiones y gabinetes de prensa durante diez a\u00f1os.<img loading=\"lazy\" class=\" wp-image-151 alignright\" src=\"https:\/\/articulo31.files.wordpress.com\/2016\/03\/concha.png?w=292&amp;h=342\" alt=\"Concha\" width=\"146\" height=\"171\" \/><\/em><\/p>\n<p><em>Antes de dedicarse por completo a la actividad acad\u00e9mica, ejerci\u00f3 como asesora de comunicaci\u00f3n de organizaciones pol\u00edticas y entidades gubernamentales en Canarias, M\u00e9xico y Venezuela.<\/em><\/p>\n<p>PARA APUNTARSE<\/p>\n<div class=\"page\" title=\"Page 3\">\n<div class=\"layoutArea\">\n<div class=\"column\">\n<ol>\n<li><strong>Descarga la fich<\/strong>a de inscripci\u00f3n<a href=\"https:\/\/www.dropbox.com\/s\/9z9q5d251afuar7\/Inscripcion_Talleres_FestivalArticulo31.docx?dl=0\">\u00a0aqu\u00ed.<\/a><\/li>\n<li>Rellena la ficha de inscripci\u00f3n y\u00a0<strong>env\u00edala<\/strong>\u00a0a\u00a0<em>a31direccion@<span class=\"skimlinks-unlinked\">medicosdelmundo.org<\/span><\/em><\/li>\n<li><strong>Forma de Pago<\/strong>: Una vez confirmada la inscripci\u00f3n, se enviar\u00e1 el n\u00famero de cuenta a los\/as participantes para realizar el ingreso.<\/li>\n<\/ol>\n<p>Toda la informaci\u00f3n en:\u00a0<a href=\"http:\/\/articulo31.medicosdelmundo.org\/talleres\/\" target=\"_blank\">http:\/\/articulo31.medicosdelmundo.org\/talleres\/<\/a><\/p>\n<\/div>\n<\/div>\n<\/div>\n<\/div>\n<\/div>\n<\/div>\n","protected":false},"excerpt":{"rendered":"<p>Abierto el plazo de inscripci\u00f3n para los talleres\u00a0\u201cLa mujer en la historia del cine\u201d y \u201cVideoactivismo, acci\u00f3n pol\u00edtica c\u00e1mara en mano\u201d TALLER 1. La mujer en la historia del cine Imparte: Isabel de Ocampo. S\u00e1bado 9 de abril, de 11 a 14hs, en la Sala Borau. La historia del cine comenz\u00f3 a escribirse en 1829 [&hellip;]<\/p>\n","protected":false},"author":790,"featured_media":0,"comment_status":"closed","ping_status":"open","sticky":false,"template":"","format":"standard","meta":{"_links_to":"","_links_to_target":""},"categories":[22,52],"tags":[122],"_links":{"self":[{"href":"https:\/\/gradocau.umh.es\/ca\/wp-json\/wp\/v2\/posts\/1515"}],"collection":[{"href":"https:\/\/gradocau.umh.es\/ca\/wp-json\/wp\/v2\/posts"}],"about":[{"href":"https:\/\/gradocau.umh.es\/ca\/wp-json\/wp\/v2\/types\/post"}],"author":[{"embeddable":true,"href":"https:\/\/gradocau.umh.es\/ca\/wp-json\/wp\/v2\/users\/790"}],"replies":[{"embeddable":true,"href":"https:\/\/gradocau.umh.es\/ca\/wp-json\/wp\/v2\/comments?post=1515"}],"version-history":[{"count":0,"href":"https:\/\/gradocau.umh.es\/ca\/wp-json\/wp\/v2\/posts\/1515\/revisions"}],"wp:attachment":[{"href":"https:\/\/gradocau.umh.es\/ca\/wp-json\/wp\/v2\/media?parent=1515"}],"wp:term":[{"taxonomy":"category","embeddable":true,"href":"https:\/\/gradocau.umh.es\/ca\/wp-json\/wp\/v2\/categories?post=1515"},{"taxonomy":"post_tag","embeddable":true,"href":"https:\/\/gradocau.umh.es\/ca\/wp-json\/wp\/v2\/tags?post=1515"}],"curies":[{"name":"wp","href":"https:\/\/api.w.org\/{rel}","templated":true}]}}