{"id":1502,"date":"2016-03-17T13:32:43","date_gmt":"2016-03-17T13:32:43","guid":{"rendered":"http:\/\/gradocau.umh.es\/?p=1502"},"modified":"2016-03-17T13:33:03","modified_gmt":"2016-03-17T13:33:03","slug":"la-umh-colabora-con-el-festival-internacional-de-cine-de-sax-fics","status":"publish","type":"post","link":"https:\/\/gradocau.umh.es\/ca\/2016\/03\/17\/la-umh-colabora-con-el-festival-internacional-de-cine-de-sax-fics\/","title":{"rendered":"La UMH colabora con el Festival Internacional de Cine de Sax (FICS)"},"content":{"rendered":"<p>El Vicerrectorado de Cultura y Extensi\u00f3n Universitaria de la Universidad Miguel Hern\u00e1ndez (UMH) de Elche colabora en la X edici\u00f3n del <strong>Festival Internacional de Cine de Sax (FICS), que se celebrar\u00e1 del 1 al 30 de julio<\/strong>. En concreto, el Festival se desarrollar\u00e1 en la Casa Alberto Sols, el Caf\u00e9 Teatro el Carro de Tespis y en numerosas plazas y lugares de la localidad como la Plaza de la Constituci\u00f3n, el Barrio Hispanoam\u00e9rica y la Plaza Alberto Sols.\u00a0La inscripci\u00f3n de cortometrajes se podr\u00e1 realizar hasta el 8 de mayo en el enlace <a href=\"http:\/\/www.festivalsax.com\/\">www.festivalsax.com<\/a>.<span id=\"more-89618\"><\/span><\/p>\n<p><a href=\"http:\/\/comunicacion.umh.es\/files\/2016\/03\/festival-cine-Sax.png\"><img loading=\"lazy\" class=\" size-full wp-image-89619 alignleft\" src=\"http:\/\/comunicacion.umh.es\/files\/2016\/03\/festival-cine-Sax.png\" alt=\"festival cine Sax\" width=\"149\" height=\"143\" \/><\/a><\/p>\n<p>Los premios que se entregar\u00e1n, dotados con 500 euros, son al Mejor Cortometraje de Ficci\u00f3n, Mejor Cortometraje de Animaci\u00f3n, Mejor Cortometraje Documental, Mejor Cortometraje Hist\u00f3rico y Premio del P\u00fablico por la UMH. Asimismo, la organizaci\u00f3n otorgar\u00e1 un premio de 300 euros al Mejor Cortometraje de Alicante, se\u00a0 realizar\u00e1 una Menci\u00f3n Especial y se reconocer\u00e1 el Mejor Proyecto de Largometraje.<\/p>\n<p>&nbsp;<\/p>\n<p>El Festival Internacional de Cine de Sax est\u00e1 dirigido por el cineasta Miguel Herrero Herrero y organizado por la Asociaci\u00f3n Cinematogr\u00e1fica y Audiovisual de Sax, la productora Cinestesia y el Ayuntamiento de Sax. Asimismo, cuenta con el patrocinio de la UMH, la Generalitat Valenciana, Cultur Arts, la Diputaci\u00f3n de Alicante y numerosas empresas y comercios de la localidad.<\/p>\n<p>M\u00e1s informaci\u00f3n en el enlace <a href=\"http:\/\/www.festivalsax.com\/\">www.festivalsax.com<\/a><\/p>\n","protected":false},"excerpt":{"rendered":"<p>El Vicerrectorado de Cultura y Extensi\u00f3n Universitaria de la Universidad Miguel Hern\u00e1ndez (UMH) de Elche colabora en la X edici\u00f3n del Festival Internacional de Cine de Sax (FICS), que se celebrar\u00e1 del 1 al 30 de julio. En concreto, el Festival se desarrollar\u00e1 en la Casa Alberto Sols, el Caf\u00e9 Teatro el Carro de Tespis [&hellip;]<\/p>\n","protected":false},"author":790,"featured_media":0,"comment_status":"closed","ping_status":"open","sticky":false,"template":"","format":"standard","meta":{"_links_to":"","_links_to_target":""},"categories":[22],"tags":[34],"_links":{"self":[{"href":"https:\/\/gradocau.umh.es\/ca\/wp-json\/wp\/v2\/posts\/1502"}],"collection":[{"href":"https:\/\/gradocau.umh.es\/ca\/wp-json\/wp\/v2\/posts"}],"about":[{"href":"https:\/\/gradocau.umh.es\/ca\/wp-json\/wp\/v2\/types\/post"}],"author":[{"embeddable":true,"href":"https:\/\/gradocau.umh.es\/ca\/wp-json\/wp\/v2\/users\/790"}],"replies":[{"embeddable":true,"href":"https:\/\/gradocau.umh.es\/ca\/wp-json\/wp\/v2\/comments?post=1502"}],"version-history":[{"count":0,"href":"https:\/\/gradocau.umh.es\/ca\/wp-json\/wp\/v2\/posts\/1502\/revisions"}],"wp:attachment":[{"href":"https:\/\/gradocau.umh.es\/ca\/wp-json\/wp\/v2\/media?parent=1502"}],"wp:term":[{"taxonomy":"category","embeddable":true,"href":"https:\/\/gradocau.umh.es\/ca\/wp-json\/wp\/v2\/categories?post=1502"},{"taxonomy":"post_tag","embeddable":true,"href":"https:\/\/gradocau.umh.es\/ca\/wp-json\/wp\/v2\/tags?post=1502"}],"curies":[{"name":"wp","href":"https:\/\/api.w.org\/{rel}","templated":true}]}}