{"id":1348,"date":"2016-02-16T16:13:25","date_gmt":"2016-02-16T16:13:25","guid":{"rendered":"http:\/\/gradocau.umh.es\/?p=1348"},"modified":"2016-03-05T17:23:46","modified_gmt":"2016-03-05T17:23:46","slug":"claves-para-entender-el-cine-y-la-television-actuales","status":"publish","type":"post","link":"https:\/\/gradocau.umh.es\/ca\/2016\/02\/16\/claves-para-entender-el-cine-y-la-television-actuales\/","title":{"rendered":"Seminario de Cine para alumnos de Primer Curso de Comunicaci\u00f3n Audiovisual UMH"},"content":{"rendered":"<p><strong>Seminario de Cine para los alumnos de Primer Curso de Comunicaci\u00f3n Audiovisual de la UMH<\/strong> impartido por el profesor de Cr\u00edtica Cinematogr\u00e1fica y Televisiva <strong>Antonio Sempere.\u00a0<\/strong><\/p>\n<p><strong>Claves para entender el cine y la televisi\u00f3n actuales<\/strong><\/p>\n<p>Ser\u00e1n 14 Sesiones de 1 hora en las que comentar\u00e1n pel\u00edculas como &#8216;Truman&#8217;, de Cesc Gay; &#8216;El renacido&#8217;, de Alejandro Gonz\u00e1lez I\u00f1\u00e1rritu, y &#8216;Ave C\u00e9sar&#8217;, de los hermanos Coen.<\/p>\n<p><img loading=\"lazy\" class=\"\" src=\"http:\/\/es.web.img2.acsta.net\/pictures\/15\/08\/17\/13\/12\/436022.jpg\" alt=\"\" width=\"334\" height=\"477\" \/><\/p>\n<p>Empieza el pr\u00f3ximo mi\u00e9rcoles 17 de Febrero. Horario de 16:00-17:00<\/p>\n<p>Los d\u00edas 17 y 24 de febrero, 2, 9, 16 y 23 de marzo, 6, 13, 20 y 27 de abril y 4, 11, 18 y 25 de mayo. En el aula de primero.<\/p>\n<p>Consultas e informaci\u00f3n:\u00a0<a href=\"mailto:asempere@umh.es\" target=\"_blank\">asempere@umh.es<\/a>.<\/p>\n<p>&nbsp;<\/p>\n","protected":false},"excerpt":{"rendered":"<p>Seminario de Cine para los alumnos de Primer Curso de Comunicaci\u00f3n Audiovisual de la UMH impartido por el profesor de Cr\u00edtica Cinematogr\u00e1fica y Televisiva Antonio Sempere.\u00a0 Claves para entender el cine y la televisi\u00f3n actuales Ser\u00e1n 14 Sesiones de 1 hora en las que comentar\u00e1n pel\u00edculas como &#8216;Truman&#8217;, de Cesc Gay; &#8216;El renacido&#8217;, de Alejandro [&hellip;]<\/p>\n","protected":false},"author":790,"featured_media":0,"comment_status":"closed","ping_status":"open","sticky":false,"template":"","format":"standard","meta":{"_links_to":"","_links_to_target":""},"categories":[112,102],"tags":[103],"_links":{"self":[{"href":"https:\/\/gradocau.umh.es\/ca\/wp-json\/wp\/v2\/posts\/1348"}],"collection":[{"href":"https:\/\/gradocau.umh.es\/ca\/wp-json\/wp\/v2\/posts"}],"about":[{"href":"https:\/\/gradocau.umh.es\/ca\/wp-json\/wp\/v2\/types\/post"}],"author":[{"embeddable":true,"href":"https:\/\/gradocau.umh.es\/ca\/wp-json\/wp\/v2\/users\/790"}],"replies":[{"embeddable":true,"href":"https:\/\/gradocau.umh.es\/ca\/wp-json\/wp\/v2\/comments?post=1348"}],"version-history":[{"count":0,"href":"https:\/\/gradocau.umh.es\/ca\/wp-json\/wp\/v2\/posts\/1348\/revisions"}],"wp:attachment":[{"href":"https:\/\/gradocau.umh.es\/ca\/wp-json\/wp\/v2\/media?parent=1348"}],"wp:term":[{"taxonomy":"category","embeddable":true,"href":"https:\/\/gradocau.umh.es\/ca\/wp-json\/wp\/v2\/categories?post=1348"},{"taxonomy":"post_tag","embeddable":true,"href":"https:\/\/gradocau.umh.es\/ca\/wp-json\/wp\/v2\/tags?post=1348"}],"curies":[{"name":"wp","href":"https:\/\/api.w.org\/{rel}","templated":true}]}}